{"id":13273,"date":"2025-03-16T14:58:59","date_gmt":"2025-03-16T17:58:59","guid":{"rendered":"https:\/\/laserenaradio.cl\/web\/?p=13273"},"modified":"2025-03-16T14:58:59","modified_gmt":"2025-03-16T17:58:59","slug":"un-padre-quedo-en-riesgo-vital-y-su-hijo-murio-tras-ser-atacados-a-balazos-en-la-comuna-de-la-pintana","status":"publish","type":"post","link":"https:\/\/laserenaradio.cl\/web\/2025\/03\/16\/un-padre-quedo-en-riesgo-vital-y-su-hijo-murio-tras-ser-atacados-a-balazos-en-la-comuna-de-la-pintana\/","title":{"rendered":"Un padre qued\u00f3 en riesgo vital y su hijo muri\u00f3 tras ser atacados a balazos en la comuna de La Pintana"},"content":{"rendered":"<p><b>Un padre qued\u00f3 en riesgo vital y su hijo muri\u00f3 tras ser atacados a balazos este domingo en La Pintana, Regi\u00f3n Metropolitana<\/b><!--more-->.<\/p>\n<p>El hecho ocurri\u00f3 en horas de la madrugada en la intersecci\u00f3n de Gabriela con Porto Alegre, donde una discusi\u00f3n entre vecinos termin\u00f3 con uno de ellos disparando en contra de las v\u00edctimas.<\/p>\n<p>Los afectados fueron trasladados hasta el Hospital Padre Hurtado, donde el hijo muri\u00f3, mientras que el padre fue intervenido quir\u00fargicamente y se encuentra en riesgo vital.<\/p>\n<p>Seg\u00fan la subcomisaria Yanara Silva, de la Brigada de Homicidios Sur de la <a href=\"https:\/\/www.pdichile.cl\/\">PDI<\/a>, la discusi\u00f3n por un estacionamiento habr\u00eda desencadenado este ataque armado.<\/p>\n<p>&#8220;Una de las l\u00edneas investigativas es que esta discusi\u00f3n se gener\u00f3 por adquirir un estacionamiento ac\u00e1 en el lugar y a trav\u00e9s de eso se genera este problema entre vecinos. Finalmente, uno de ellos saca un arma de fuego y propina los disparos&#8221;, afirm\u00f3 Silva.<\/p>\n<p><a href=\"https:\/\/www.carabineros.cl\/\">Carabineros<\/a> detuvo a un hombre como sospechoso del crimen.<\/p>\n<p>En estos momentos, las autoridades est\u00e1n realizando las diligencias respectivas para confirmar si efectivamente se trata o no del atacante.<\/p>\n","protected":false},"excerpt":{"rendered":"<p>Un padre qued\u00f3 en riesgo vital y su hijo muri\u00f3 tras ser atacados a balazos este domingo en La Pintana, Regi\u00f3n Metropolitana<\/p>\n","protected":false},"author":2,"featured_media":13272,"comment_status":"closed","ping_status":"open","sticky":false,"template":"","format":"standard","meta":{"_jetpack_memberships_contains_paid_content":false,"jnews-multi-image_gallery":[],"jnews_single_post":[],"jnews_primary_category":[],"jnews_social_meta":[],"jnews_paywall_metabox":[],"jnews_review":[],"enable_review":"","type":"","name":"","summary":"","brand":"","sku":"","good":[],"bad":[],"score_override":"","override_value":"","rating":[],"price":[],"jnews_override_counter":[],"jnews_post_split":[],"footnotes":""},"categories":[21],"tags":[],"class_list":["post-13273","post","type-post","status-publish","format-standard","has-post-thumbnail","hentry","category-nacional"],"jetpack_featured_media_url":"https:\/\/laserenaradio.cl\/web\/wp-content\/uploads\/2025\/03\/homepiaiextractoscrapimg_predeterminadalaserenaradio_nacional-23.webp","jetpack_sharing_enabled":true,"_links":{"self":[{"href":"https:\/\/laserenaradio.cl\/web\/wp-json\/wp\/v2\/posts\/13273","targetHints":{"allow":["GET"]}}],"collection":[{"href":"https:\/\/laserenaradio.cl\/web\/wp-json\/wp\/v2\/posts"}],"about":[{"href":"https:\/\/laserenaradio.cl\/web\/wp-json\/wp\/v2\/types\/post"}],"author":[{"embeddable":true,"href":"https:\/\/laserenaradio.cl\/web\/wp-json\/wp\/v2\/users\/2"}],"replies":[{"embeddable":true,"href":"https:\/\/laserenaradio.cl\/web\/wp-json\/wp\/v2\/comments?post=13273"}],"version-history":[{"count":1,"href":"https:\/\/laserenaradio.cl\/web\/wp-json\/wp\/v2\/posts\/13273\/revisions"}],"predecessor-version":[{"id":13274,"href":"https:\/\/laserenaradio.cl\/web\/wp-json\/wp\/v2\/posts\/13273\/revisions\/13274"}],"wp:featuredmedia":[{"embeddable":true,"href":"https:\/\/laserenaradio.cl\/web\/wp-json\/wp\/v2\/media\/13272"}],"wp:attachment":[{"href":"https:\/\/laserenaradio.cl\/web\/wp-json\/wp\/v2\/media?parent=13273"}],"wp:term":[{"taxonomy":"category","embeddable":true,"href":"https:\/\/laserenaradio.cl\/web\/wp-json\/wp\/v2\/categories?post=13273"},{"taxonomy":"post_tag","embeddable":true,"href":"https:\/\/laserenaradio.cl\/web\/wp-json\/wp\/v2\/tags?post=13273"}],"curies":[{"name":"wp","href":"https:\/\/api.w.org\/{rel}","templated":true}]}}