{"id":13267,"date":"2025-03-16T14:48:48","date_gmt":"2025-03-16T17:48:48","guid":{"rendered":"https:\/\/laserenaradio.cl\/web\/?p=13267"},"modified":"2025-03-16T14:48:48","modified_gmt":"2025-03-16T17:48:48","slug":"deportes-la-serena-vencio-a-union-la-calera-con-gol-de-gallegos","status":"publish","type":"post","link":"https:\/\/laserenaradio.cl\/web\/2025\/03\/16\/deportes-la-serena-vencio-a-union-la-calera-con-gol-de-gallegos\/","title":{"rendered":"Deportes La Serena venci\u00f3 a Uni\u00f3n La Calera con gol de Gallegos"},"content":{"rendered":"<p><b>Al mediod\u00eda comenz\u00f3 el compromiso entre Deportes La Serena y Uni\u00f3n La Calera en condici\u00f3n local<\/b><!--more-->.<\/p>\n<p>Los dirigidos por Erwin Dur\u00e1n buscan seguir en la senda del triunfo luego de haber vencido a Uni\u00f3n Espa\u00f1ola hace 15 d\u00edas en una emocionante victoria por la cuenta m\u00ednima.<\/p>\n<p>Los papayeros llegaban al estadio La Portada tras un positivo empate 1-1 ante O\u2019Higgins en condici\u00f3n de visitante, y esperaban ratificar con creces el crecimiento mostrado en las \u00faltimas dos fechas.<\/p>\n<p>En ese contexto, el compromiso se mostr\u00f3 m\u00e1s auspicioso para los granates, pero no consiguieron inclinar la balanza a su favor durante la primera fracci\u00f3n. Sin embargo, en el segundo lapso, el equipo granate despert\u00f3 y apost\u00f3 con mayor \u00edmpetu para llegar al arco rival.<\/p>\n<p>A los 50 minutos del complemento, el uruguayo Sebasti\u00e1n Gallegos marc\u00f3 con calidad lo que ser\u00eda el 1-0 y el tanto definitivo del compromiso.<\/p>\n<p>Luego de este gol, Deportes La Serena debi\u00f3 enfrentar una mayor presi\u00f3n de los caleranos, pero insuficiente para cambiar la suerte del partido.<\/p>\n<p>El resultado le permite a Deportes La Serena llegar a 7 unidades en la tabla de posiciones.<\/p>\n<p>En la pr\u00f3xima fecha, los granates visitar\u00e1n a Huachipato el domingo 30 de marzo a las 12:00 horas.<\/p>\n","protected":false},"excerpt":{"rendered":"<p>Al mediod\u00eda comenz\u00f3 el compromiso entre Deportes La Serena y Uni\u00f3n La Calera en condici\u00f3n local<\/p>\n","protected":false},"author":2,"featured_media":13266,"comment_status":"closed","ping_status":"open","sticky":false,"template":"","format":"standard","meta":{"_jetpack_memberships_contains_paid_content":false,"jnews-multi-image_gallery":[],"jnews_single_post":[],"jnews_primary_category":[],"jnews_social_meta":[],"jnews_paywall_metabox":[],"jnews_review":[],"enable_review":"","type":"","name":"","summary":"","brand":"","sku":"","good":[],"bad":[],"score_override":"","override_value":"","rating":[],"price":[],"jnews_override_counter":[],"jnews_post_split":[],"footnotes":""},"categories":[84],"tags":[],"class_list":["post-13267","post","type-post","status-publish","format-standard","has-post-thumbnail","hentry","category-deportes"],"jetpack_featured_media_url":"https:\/\/laserenaradio.cl\/web\/wp-content\/uploads\/2025\/03\/homepiaiextractoscrapimg_webpDeportesSerena_1.webp","jetpack_sharing_enabled":true,"_links":{"self":[{"href":"https:\/\/laserenaradio.cl\/web\/wp-json\/wp\/v2\/posts\/13267","targetHints":{"allow":["GET"]}}],"collection":[{"href":"https:\/\/laserenaradio.cl\/web\/wp-json\/wp\/v2\/posts"}],"about":[{"href":"https:\/\/laserenaradio.cl\/web\/wp-json\/wp\/v2\/types\/post"}],"author":[{"embeddable":true,"href":"https:\/\/laserenaradio.cl\/web\/wp-json\/wp\/v2\/users\/2"}],"replies":[{"embeddable":true,"href":"https:\/\/laserenaradio.cl\/web\/wp-json\/wp\/v2\/comments?post=13267"}],"version-history":[{"count":1,"href":"https:\/\/laserenaradio.cl\/web\/wp-json\/wp\/v2\/posts\/13267\/revisions"}],"predecessor-version":[{"id":13268,"href":"https:\/\/laserenaradio.cl\/web\/wp-json\/wp\/v2\/posts\/13267\/revisions\/13268"}],"wp:featuredmedia":[{"embeddable":true,"href":"https:\/\/laserenaradio.cl\/web\/wp-json\/wp\/v2\/media\/13266"}],"wp:attachment":[{"href":"https:\/\/laserenaradio.cl\/web\/wp-json\/wp\/v2\/media?parent=13267"}],"wp:term":[{"taxonomy":"category","embeddable":true,"href":"https:\/\/laserenaradio.cl\/web\/wp-json\/wp\/v2\/categories?post=13267"},{"taxonomy":"post_tag","embeddable":true,"href":"https:\/\/laserenaradio.cl\/web\/wp-json\/wp\/v2\/tags?post=13267"}],"curies":[{"name":"wp","href":"https:\/\/api.w.org\/{rel}","templated":true}]}}