{"id":13261,"date":"2025-03-16T12:34:34","date_gmt":"2025-03-16T15:34:34","guid":{"rendered":"https:\/\/laserenaradio.cl\/web\/?p=13261"},"modified":"2025-03-16T12:34:34","modified_gmt":"2025-03-16T15:34:34","slug":"el-presidente-boric-descarta-fragmentacion-politica-tras-filtraciones-de-chats-entre-karol-cariola-e-iraci-hassler","status":"publish","type":"post","link":"https:\/\/laserenaradio.cl\/web\/2025\/03\/16\/el-presidente-boric-descarta-fragmentacion-politica-tras-filtraciones-de-chats-entre-karol-cariola-e-iraci-hassler\/","title":{"rendered":"El presidente Boric descarta fragmentaci\u00f3n pol\u00edtica tras filtraciones de chats entre Karol Cariola e Irac\u00ed Hassler"},"content":{"rendered":"<p><b>En un discurso dirigido al p\u00fablico, el presidente Gabriel Boric se pronunci\u00f3 sobre las pol\u00e9micas filtraciones de chats entre la diputada Karol Cariola y la exalcaldesa Irac\u00ed Hassler<\/b><!--more-->.<\/p>\n<p>En entrevista con CHV, Boric neg\u00f3 cualquier impacto personal en su figura o Gobierno debido a estas conversaciones, que ocurrieron hace m\u00e1s de dos a\u00f1os.<\/p>\n<p>&#8220;Estoy tranquilo respecto a esta situaci\u00f3n&#8221;, afirm\u00f3 Boric, argumentando que si se dejara influir por tales circunstancias, ser\u00eda &#8220;el fin de la pol\u00edtica&#8221;.<\/p>\n<p>Asimismo, el presidente asegur\u00f3: &#8220;No veo ning\u00fan quiebre en mi relaci\u00f3n con Karol o Irac\u00ed. En momentos dif\u00edciles como los indultos, era natural buscar apoyo en conversaciones privadas&#8221;.<\/p>\n<p>Boric defendi\u00f3 que estas conversaciones no est\u00e1n vinculadas a las investigaciones por tr\u00e1fico de influencias entre Cariola y Hassler.<\/p>\n<p>Lanz\u00f3 una cr\u00edtica a la <a href=\"https:\/\/www.fiscaliadechile.cl\/\">Fiscal\u00eda<\/a> y el Ministerio P\u00fablico por la filtraci\u00f3n de los chats: &#8220;No se debe permitir que personas irresponsables expongan informaci\u00f3n privada en momentos cr\u00edticos&#8221;.<\/p>\n<p>&#8220;La <a href=\"https:\/\/www.fiscaliadechile.cl\/\">Fiscal\u00eda<\/a> debe ser mucho m\u00e1s responsable en estos asuntos&#8221;, subray\u00f3, asegurando que su gobierno seguir\u00e1 colaborando con la justicia.<\/p>\n","protected":false},"excerpt":{"rendered":"<p>En un discurso dirigido al p\u00fablico, el presidente Gabriel Boric se pronunci\u00f3 sobre las pol\u00e9micas filtraciones de chats entre la diputada Karol Cariola y la exalcaldesa Irac\u00ed Hassler<\/p>\n","protected":false},"author":2,"featured_media":13260,"comment_status":"closed","ping_status":"open","sticky":false,"template":"","format":"standard","meta":{"_jetpack_memberships_contains_paid_content":false,"jnews-multi-image_gallery":[],"jnews_single_post":[],"jnews_primary_category":[],"jnews_social_meta":[],"jnews_paywall_metabox":[],"jnews_review":[],"enable_review":"","type":"","name":"","summary":"","brand":"","sku":"","good":[],"bad":[],"score_override":"","override_value":"","rating":[],"price":[],"jnews_override_counter":[],"jnews_post_split":[],"footnotes":""},"categories":[83],"tags":[],"class_list":["post-13261","post","type-post","status-publish","format-standard","has-post-thumbnail","hentry","category-politica"],"jetpack_featured_media_url":"https:\/\/laserenaradio.cl\/web\/wp-content\/uploads\/2025\/03\/homepiaiextractoscrapimg_webpBoricpresidentechatsHassler_0.webp","jetpack_sharing_enabled":true,"_links":{"self":[{"href":"https:\/\/laserenaradio.cl\/web\/wp-json\/wp\/v2\/posts\/13261","targetHints":{"allow":["GET"]}}],"collection":[{"href":"https:\/\/laserenaradio.cl\/web\/wp-json\/wp\/v2\/posts"}],"about":[{"href":"https:\/\/laserenaradio.cl\/web\/wp-json\/wp\/v2\/types\/post"}],"author":[{"embeddable":true,"href":"https:\/\/laserenaradio.cl\/web\/wp-json\/wp\/v2\/users\/2"}],"replies":[{"embeddable":true,"href":"https:\/\/laserenaradio.cl\/web\/wp-json\/wp\/v2\/comments?post=13261"}],"version-history":[{"count":1,"href":"https:\/\/laserenaradio.cl\/web\/wp-json\/wp\/v2\/posts\/13261\/revisions"}],"predecessor-version":[{"id":13262,"href":"https:\/\/laserenaradio.cl\/web\/wp-json\/wp\/v2\/posts\/13261\/revisions\/13262"}],"wp:featuredmedia":[{"embeddable":true,"href":"https:\/\/laserenaradio.cl\/web\/wp-json\/wp\/v2\/media\/13260"}],"wp:attachment":[{"href":"https:\/\/laserenaradio.cl\/web\/wp-json\/wp\/v2\/media?parent=13261"}],"wp:term":[{"taxonomy":"category","embeddable":true,"href":"https:\/\/laserenaradio.cl\/web\/wp-json\/wp\/v2\/categories?post=13261"},{"taxonomy":"post_tag","embeddable":true,"href":"https:\/\/laserenaradio.cl\/web\/wp-json\/wp\/v2\/tags?post=13261"}],"curies":[{"name":"wp","href":"https:\/\/api.w.org\/{rel}","templated":true}]}}