{"id":13240,"date":"2025-03-15T11:11:34","date_gmt":"2025-03-15T14:11:34","guid":{"rendered":"https:\/\/laserenaradio.cl\/web\/?p=13240"},"modified":"2025-03-15T11:11:34","modified_gmt":"2025-03-15T14:11:34","slug":"la-fiscalia-y-los-medios-desatan-polemica-contra-diputada-karol-cariola-por-conversaciones-privadas-filtradas","status":"publish","type":"post","link":"https:\/\/laserenaradio.cl\/web\/2025\/03\/15\/la-fiscalia-y-los-medios-desatan-polemica-contra-diputada-karol-cariola-por-conversaciones-privadas-filtradas\/","title":{"rendered":"La Fiscal\u00eda y los medios desatan pol\u00e9mica contra diputada Karol Cariola por conversaciones privadas filtradas"},"content":{"rendered":"<p><b>En defensa de la diputada Karol Cariola, presidenta de la C\u00e1mara Baja y destacada militante del Partido Comunista (PC), varios miembros de su partido han salido al frente luego que se filtraran conversaciones de WhatsApp entre ella y Irac\u00ed Hassler, exalcaldesa de Santiago<\/b><!--more-->.<\/p>\n<p>Estas interacciones fueron reveladas por La Tercera a solicitud de la Polic\u00eda Judicial (<a href=\"https:\/\/www.pdichile.cl\/\">PDI<\/a>) en el marco de una investigaci\u00f3n por presunto tr\u00e1fico de influencias relacionado con el caso Sierra Bella.<\/p>\n<p>No obstante, estas filtraciones no se encuentran vinculadas directamente a dicha investigaci\u00f3n. M\u00e1s bien, las conversaciones muestran opiniones pol\u00edticas sobre el gobierno del presidente Gabriel Boric, lo que ha generado preocupaci\u00f3n y rechazo entre los seguidores de Cariola.<\/p>\n<p>La parlamentaria Carmen Hertz, afiliada al PC, expres\u00f3 en su cuenta de X que la &#8220;operaci\u00f3n pol\u00edtica&#8221; contra Karol Cariola es &#8220;nauseabunda&#8221;.<\/p>\n<p>Asegur\u00f3 que la filtraci\u00f3n es una acci\u00f3n carente de \u00e9tica y que socava los fundamentos de la democracia chilena.<\/p>\n<p>Daniel Jadue, excandidato presidencial del PC, tambi\u00e9n critic\u00f3 el actuar de la <a href=\"https:\/\/www.fiscaliadechile.cl\/\">Fiscal\u00eda<\/a> y los medios de comunicaci\u00f3n. &#8220;\u00bfQu\u00e9 pretenden al filtrar conversaciones privadas?\u201d, interrog\u00f3 en X. Agreg\u00f3 que las filtraciones demuestran un intento bajo de operaci\u00f3n pol\u00edtica con la colaboraci\u00f3n indebida de instituciones.<\/p>\n<p>El senador Daniel Nu\u00f1ez, del Partido Comunista, enfatiz\u00f3 su solidaridad con Cariola y acus\u00f3 directamente a Patricio Cooper, fiscal en cargo de la indagatoria por presunto tr\u00e1fico de influencias en el caso Sierra Bella.<\/p>\n<p>&#8220;Fiscal Cooper debe dar explicaciones sobre esta nueva filtraci\u00f3n&#8221;, afirm\u00f3 Nu\u00f1ez, se\u00f1alando que &#8220;la <a href=\"https:\/\/www.fiscaliadechile.cl\/\">Fiscal\u00eda<\/a> se desprestigia con operaciones pol\u00edticas burdas&#8221;.<\/p>\n<p>Estas respuestas y reacciones demuestran la profundidad del conflicto pol\u00edtico y judicial en torno a Karol Cariola y su defensa activa por parte de su partido.<\/p>\n","protected":false},"excerpt":{"rendered":"<p>En defensa de la diputada Karol Cariola, presidenta de la C\u00e1mara Baja y destacada militante del Partido Comunista (PC), varios miembros de su partido han salido al frente luego que se filtraran conversaciones de WhatsApp entre ella y Irac\u00ed Hassler, exalcaldesa de Santiago<\/p>\n","protected":false},"author":2,"featured_media":13239,"comment_status":"closed","ping_status":"open","sticky":false,"template":"","format":"standard","meta":{"_jetpack_memberships_contains_paid_content":false,"jnews-multi-image_gallery":[],"jnews_single_post":[],"jnews_primary_category":[],"jnews_social_meta":[],"jnews_paywall_metabox":[],"jnews_review":[],"enable_review":"","type":"","name":"","summary":"","brand":"","sku":"","good":[],"bad":[],"score_override":"","override_value":"","rating":[],"price":[],"jnews_override_counter":[],"jnews_post_split":[],"footnotes":""},"categories":[83],"tags":[],"class_list":["post-13240","post","type-post","status-publish","format-standard","has-post-thumbnail","hentry","category-politica"],"jetpack_featured_media_url":"https:\/\/laserenaradio.cl\/web\/wp-content\/uploads\/2025\/03\/homepiaiextractoscrapimg_webpKarolCariolaconversacionesdefensadiputada_0.webp","jetpack_sharing_enabled":true,"_links":{"self":[{"href":"https:\/\/laserenaradio.cl\/web\/wp-json\/wp\/v2\/posts\/13240","targetHints":{"allow":["GET"]}}],"collection":[{"href":"https:\/\/laserenaradio.cl\/web\/wp-json\/wp\/v2\/posts"}],"about":[{"href":"https:\/\/laserenaradio.cl\/web\/wp-json\/wp\/v2\/types\/post"}],"author":[{"embeddable":true,"href":"https:\/\/laserenaradio.cl\/web\/wp-json\/wp\/v2\/users\/2"}],"replies":[{"embeddable":true,"href":"https:\/\/laserenaradio.cl\/web\/wp-json\/wp\/v2\/comments?post=13240"}],"version-history":[{"count":1,"href":"https:\/\/laserenaradio.cl\/web\/wp-json\/wp\/v2\/posts\/13240\/revisions"}],"predecessor-version":[{"id":13241,"href":"https:\/\/laserenaradio.cl\/web\/wp-json\/wp\/v2\/posts\/13240\/revisions\/13241"}],"wp:featuredmedia":[{"embeddable":true,"href":"https:\/\/laserenaradio.cl\/web\/wp-json\/wp\/v2\/media\/13239"}],"wp:attachment":[{"href":"https:\/\/laserenaradio.cl\/web\/wp-json\/wp\/v2\/media?parent=13240"}],"wp:term":[{"taxonomy":"category","embeddable":true,"href":"https:\/\/laserenaradio.cl\/web\/wp-json\/wp\/v2\/categories?post=13240"},{"taxonomy":"post_tag","embeddable":true,"href":"https:\/\/laserenaradio.cl\/web\/wp-json\/wp\/v2\/tags?post=13240"}],"curies":[{"name":"wp","href":"https:\/\/api.w.org\/{rel}","templated":true}]}}