{"id":13234,"date":"2025-03-15T09:39:41","date_gmt":"2025-03-15T12:39:41","guid":{"rendered":"https:\/\/laserenaradio.cl\/web\/?p=13234"},"modified":"2025-03-15T09:39:41","modified_gmt":"2025-03-15T12:39:41","slug":"boric-respaldo-a-karol-cariola-y-salio-al-paso-de-las-criticas-en-los-chats-con-su-gobierno","status":"publish","type":"post","link":"https:\/\/laserenaradio.cl\/web\/2025\/03\/15\/boric-respaldo-a-karol-cariola-y-salio-al-paso-de-las-criticas-en-los-chats-con-su-gobierno\/","title":{"rendered":"Boric respald\u00f3 a Karol Cariola y sali\u00f3 al paso de las cr\u00edticas en los chats con su gobierno"},"content":{"rendered":"<p><b>El Presidente Gabriel Boric respondi\u00f3 este viernes a trav\u00e9s de su cuenta de X a la pol\u00e9mica surgida tras la recuperaci\u00f3n de los chats entre la diputada Karol Cariola (PC) y la exalcaldesa Irac\u00ed Hassler (PC), involucrados en el caso Sierra Bella<\/b><!--more-->.<\/p>\n<p>En un tono conciliador, Boric minimiz\u00f3 las cr\u00edticas encontradas en las conversaciones y respald\u00f3 a ambas dirigentes. &#8220;Un abrazo grande a Karol e Irac\u00ed&#8221;, escribi\u00f3.<\/p>\n<p>Boric abord\u00f3 las duras expresiones de Cariola hacia \u00e9l \u2014quien lo llam\u00f3 &#8220;una mierda de ser humano&#8221; en los chats\u2014 con un enfoque pragm\u00e1tico, se\u00f1alando que en situaciones de confianza, es normal que se critique fuertemente a un tercero.<\/p>\n<p>Agreg\u00f3: &#8220;Si hubiese delitos, que se investigue con la imparcialidad que corresponde a la Justicia, sin sesgos&#8221;.<\/p>\n<p>El mandatario enfatiz\u00f3 su rechazo al hecho de que el caso fracture al oficialismo, afirmando: &#8220;A m\u00ed no me van a poner en contra de compa\u00f1eras de ruta porque un d\u00eda en confianza hayan hablado mal de m\u00ed o de mi gente de confianza&#8221;.<\/p>\n<p>El mensaje fue publicado horas despu\u00e9s de la revelaci\u00f3n de nuevos detalles sobre los chats y busca contener la crisis pol\u00edtica generada por las conversaciones.<\/p>\n","protected":false},"excerpt":{"rendered":"<p>El Presidente Gabriel Boric respondi\u00f3 este viernes a trav\u00e9s de su cuenta de X a la pol\u00e9mica surgida tras la recuperaci\u00f3n de los chats entre la diputada Karol Cariola (PC) y la exalcaldesa Irac\u00ed Hassler (PC), involucrados en el caso Sierra Bella<\/p>\n","protected":false},"author":2,"featured_media":13233,"comment_status":"closed","ping_status":"open","sticky":false,"template":"","format":"standard","meta":{"_jetpack_memberships_contains_paid_content":false,"jnews-multi-image_gallery":[],"jnews_single_post":[],"jnews_primary_category":[],"jnews_social_meta":[],"jnews_paywall_metabox":[],"jnews_review":[],"enable_review":"","type":"","name":"","summary":"","brand":"","sku":"","good":[],"bad":[],"score_override":"","override_value":"","rating":[],"price":[],"jnews_override_counter":[],"jnews_post_split":[],"footnotes":""},"categories":[83],"tags":[],"class_list":["post-13234","post","type-post","status-publish","format-standard","has-post-thumbnail","hentry","category-politica"],"jetpack_featured_media_url":"https:\/\/laserenaradio.cl\/web\/wp-content\/uploads\/2025\/03\/homepiaiextractoscrapimg_webpBoricKarol_1.webp","jetpack_sharing_enabled":true,"_links":{"self":[{"href":"https:\/\/laserenaradio.cl\/web\/wp-json\/wp\/v2\/posts\/13234","targetHints":{"allow":["GET"]}}],"collection":[{"href":"https:\/\/laserenaradio.cl\/web\/wp-json\/wp\/v2\/posts"}],"about":[{"href":"https:\/\/laserenaradio.cl\/web\/wp-json\/wp\/v2\/types\/post"}],"author":[{"embeddable":true,"href":"https:\/\/laserenaradio.cl\/web\/wp-json\/wp\/v2\/users\/2"}],"replies":[{"embeddable":true,"href":"https:\/\/laserenaradio.cl\/web\/wp-json\/wp\/v2\/comments?post=13234"}],"version-history":[{"count":1,"href":"https:\/\/laserenaradio.cl\/web\/wp-json\/wp\/v2\/posts\/13234\/revisions"}],"predecessor-version":[{"id":13235,"href":"https:\/\/laserenaradio.cl\/web\/wp-json\/wp\/v2\/posts\/13234\/revisions\/13235"}],"wp:featuredmedia":[{"embeddable":true,"href":"https:\/\/laserenaradio.cl\/web\/wp-json\/wp\/v2\/media\/13233"}],"wp:attachment":[{"href":"https:\/\/laserenaradio.cl\/web\/wp-json\/wp\/v2\/media?parent=13234"}],"wp:term":[{"taxonomy":"category","embeddable":true,"href":"https:\/\/laserenaradio.cl\/web\/wp-json\/wp\/v2\/categories?post=13234"},{"taxonomy":"post_tag","embeddable":true,"href":"https:\/\/laserenaradio.cl\/web\/wp-json\/wp\/v2\/tags?post=13234"}],"curies":[{"name":"wp","href":"https:\/\/api.w.org\/{rel}","templated":true}]}}