{"id":13231,"date":"2025-03-15T09:37:50","date_gmt":"2025-03-15T12:37:50","guid":{"rendered":"https:\/\/laserenaradio.cl\/web\/?p=13231"},"modified":"2025-03-15T09:37:50","modified_gmt":"2025-03-15T12:37:50","slug":"karol-cariola-se-disculpa-por-insultos-hacia-boric-y-pide-desactivar-crisis-politica","status":"publish","type":"post","link":"https:\/\/laserenaradio.cl\/web\/2025\/03\/15\/karol-cariola-se-disculpa-por-insultos-hacia-boric-y-pide-desactivar-crisis-politica\/","title":{"rendered":"Karol Cariola se disculpa por insultos hacia Boric y pide desactivar crisis pol\u00edtica."},"content":{"rendered":"<p><b>La diputada Karol Cariola (PC) se pronunci\u00f3 a trav\u00e9s de su cuenta de X sobre la filtraci\u00f3n de sus conversaciones privadas con el gobierno de Gabriel Boric y su gesti\u00f3n con Irac\u00ed Hassler (PC)<\/b><!--more-->.<\/p>\n<p>La presidenta de la C\u00e1mara expres\u00f3 su pesar por la revelaci\u00f3n de dichas conversaciones, pidiendo disculpas p\u00fablicamente a las autoridades Camila Vallejo y Mat\u00edas Meza-Lopehand\u00eda.<\/p>\n<p>Cariola consider\u00f3 que estas filtraciones son un intento de desviar el enfoque de una investigaci\u00f3n judicial.<\/p>\n<p>&#8220;Lamento mucho la publicaci\u00f3n de estas conversaciones privadas entre Irac\u00ed y yo, las cuales no est\u00e1n relacionadas con la investigaci\u00f3n&#8221;, asegur\u00f3.<\/p>\n<p>La parlamentaria argument\u00f3 que los comentarios negativos dirigidos a Boric fueron emitidos durante un per\u00edodo de frustraci\u00f3n e irritaci\u00f3n: &#8220;Aunque llam\u00e9 a Boric &#8216;una mierda de ser humano&#8217;, es importante recalcar que esto ocurri\u00f3 en una situaci\u00f3n espec\u00edfica y no refleja mi opini\u00f3n actual sobre \u00e9l ni sobre las personas mencionadas&#8221;.<\/p>\n<p>Cariola mantuvo su apoyo al gobierno, destacando que tiene una alta valoraci\u00f3n personal hacia los involucrados.<\/p>\n<p>En este contexto, la diputada intenta desactivar la crisis pol\u00edtica generada por la revelaci\u00f3n de cr\u00edticas a Vallejo y Meza-Lopehand\u00eda en los chats recuperados.<\/p>\n<p>&#8220;Tengo la m\u00e1s alta estimaci\u00f3n de las tres personas mencionadas&#8221;, subray\u00f3 Cariola, asegurando que sus comentarios no representan su opini\u00f3n actual sobre ellos.<\/p>\n","protected":false},"excerpt":{"rendered":"<p>La diputada Karol Cariola (PC) se pronunci\u00f3 a trav\u00e9s de su cuenta de X sobre la filtraci\u00f3n de sus conversaciones privadas con el gobierno de Gabriel Boric y su gesti\u00f3n con Irac\u00ed Hassler (PC)<\/p>\n","protected":false},"author":2,"featured_media":13230,"comment_status":"closed","ping_status":"open","sticky":false,"template":"","format":"standard","meta":{"_jetpack_memberships_contains_paid_content":false,"jnews-multi-image_gallery":[],"jnews_single_post":[],"jnews_primary_category":[],"jnews_social_meta":[],"jnews_paywall_metabox":[],"jnews_review":[],"enable_review":"","type":"","name":"","summary":"","brand":"","sku":"","good":[],"bad":[],"score_override":"","override_value":"","rating":[],"price":[],"jnews_override_counter":[],"jnews_post_split":[],"footnotes":""},"categories":[83],"tags":[],"class_list":["post-13231","post","type-post","status-publish","format-standard","has-post-thumbnail","hentry","category-politica"],"jetpack_featured_media_url":"https:\/\/laserenaradio.cl\/web\/wp-content\/uploads\/2025\/03\/homepiaiextractoscrapimg_webpsobrediputadaKarolCariolaconversaciones_0.webp","jetpack_sharing_enabled":true,"_links":{"self":[{"href":"https:\/\/laserenaradio.cl\/web\/wp-json\/wp\/v2\/posts\/13231","targetHints":{"allow":["GET"]}}],"collection":[{"href":"https:\/\/laserenaradio.cl\/web\/wp-json\/wp\/v2\/posts"}],"about":[{"href":"https:\/\/laserenaradio.cl\/web\/wp-json\/wp\/v2\/types\/post"}],"author":[{"embeddable":true,"href":"https:\/\/laserenaradio.cl\/web\/wp-json\/wp\/v2\/users\/2"}],"replies":[{"embeddable":true,"href":"https:\/\/laserenaradio.cl\/web\/wp-json\/wp\/v2\/comments?post=13231"}],"version-history":[{"count":1,"href":"https:\/\/laserenaradio.cl\/web\/wp-json\/wp\/v2\/posts\/13231\/revisions"}],"predecessor-version":[{"id":13232,"href":"https:\/\/laserenaradio.cl\/web\/wp-json\/wp\/v2\/posts\/13231\/revisions\/13232"}],"wp:featuredmedia":[{"embeddable":true,"href":"https:\/\/laserenaradio.cl\/web\/wp-json\/wp\/v2\/media\/13230"}],"wp:attachment":[{"href":"https:\/\/laserenaradio.cl\/web\/wp-json\/wp\/v2\/media?parent=13231"}],"wp:term":[{"taxonomy":"category","embeddable":true,"href":"https:\/\/laserenaradio.cl\/web\/wp-json\/wp\/v2\/categories?post=13231"},{"taxonomy":"post_tag","embeddable":true,"href":"https:\/\/laserenaradio.cl\/web\/wp-json\/wp\/v2\/tags?post=13231"}],"curies":[{"name":"wp","href":"https:\/\/api.w.org\/{rel}","templated":true}]}}