{"id":13228,"date":"2025-03-15T09:32:08","date_gmt":"2025-03-15T12:32:08","guid":{"rendered":"https:\/\/laserenaradio.cl\/web\/?p=13228"},"modified":"2025-03-15T09:32:08","modified_gmt":"2025-03-15T12:32:08","slug":"la-exalcaldesa-iraci-hassler-critica-filtracion-de-sus-chats-privados-con-karol-cariola","status":"publish","type":"post","link":"https:\/\/laserenaradio.cl\/web\/2025\/03\/15\/la-exalcaldesa-iraci-hassler-critica-filtracion-de-sus-chats-privados-con-karol-cariola\/","title":{"rendered":"La exalcaldesa Irac\u00ed Hassler critica filtraci\u00f3n de sus chats privados con Karol Cariola"},"content":{"rendered":"<p><b>La exalcaldesa de Santiago Irac\u00ed Hassler (PC) reaccion\u00f3 a trav\u00e9s de X a la divulgaci\u00f3n de sus chats con la diputada Karol Cariola (PC), recuperados por la <a href=\"https:\/\/www.pdichile.cl\/\">PDI<\/a> en el marco del caso Sierra Bella<\/b><!--more-->.<\/p>\n<p>En un mensaje, Hassler denunci\u00f3 que la filtraci\u00f3n representa &#8220;una grave vulneraci\u00f3n de la intimidad sin fundamento&#8221;.<\/p>\n<p>La exjefa comunal record\u00f3 haber entregado su celular &#8220;voluntariamente&#8221; a las autoridades hace dos a\u00f1os para colaborar con la investigaci\u00f3n judicial, asegurando que no encontraron evidencia en su contra.<\/p>\n<p>Hassler enfatiz\u00f3 que los chats recientemente revelados -que incluyen cr\u00edticas al gobierno y gestiones de contrataciones- no tienen relaci\u00f3n alguna con el objetivo original de la pesquisa.<\/p>\n<p>La exalcaldesa expres\u00f3 su sorpresa por el uso de las conversaciones, argumentando que &#8220;no se filtran conversaciones privadas que nada tienen que ver con ninguna investigaci\u00f3n&#8221;.<\/p>\n<p>Los mensajes fueron obtenidos mediante el sistema forense Cellebrite Reader y rescatados tras el allanamiento al departamento de Cariola el 3 de marzo, fecha en la que la diputada dio a luz.<\/p>\n<p>Hassler insisti\u00f3 en su lealtad a la coalici\u00f3n oficialista: &#8220;El Gobierno y el Presidente cuentan como siempre con todo mi apoyo y respeto&#8221;, concluy\u00f3.<\/p>\n<p>Sin embargo, este respaldo contrasta con los contenidos de los chats, donde Hassler y Cariola cuestionaron la lentitud de las reformas de Gabriel Boric y la estrategia del equipo presidencial.<\/p>\n","protected":false},"excerpt":{"rendered":"<p>La exalcaldesa de Santiago Irac\u00ed Hassler (PC) reaccion\u00f3 a trav\u00e9s de X a la divulgaci\u00f3n de sus chats con la diputada Karol Cariola (PC), recuperados por la PDI en el marco del caso Sierra Bella<\/p>\n","protected":false},"author":2,"featured_media":13227,"comment_status":"closed","ping_status":"open","sticky":false,"template":"","format":"standard","meta":{"_jetpack_memberships_contains_paid_content":false,"jnews-multi-image_gallery":[],"jnews_single_post":[],"jnews_primary_category":[],"jnews_social_meta":[],"jnews_paywall_metabox":[],"jnews_review":[],"enable_review":"","type":"","name":"","summary":"","brand":"","sku":"","good":[],"bad":[],"score_override":"","override_value":"","rating":[],"price":[],"jnews_override_counter":[],"jnews_post_split":[],"footnotes":""},"categories":[83],"tags":[],"class_list":["post-13228","post","type-post","status-publish","format-standard","has-post-thumbnail","hentry","category-politica"],"jetpack_featured_media_url":"https:\/\/laserenaradio.cl\/web\/wp-content\/uploads\/2025\/03\/homepiaiextractoscrapimg_webpIraciHassler_1.webp","jetpack_sharing_enabled":true,"_links":{"self":[{"href":"https:\/\/laserenaradio.cl\/web\/wp-json\/wp\/v2\/posts\/13228","targetHints":{"allow":["GET"]}}],"collection":[{"href":"https:\/\/laserenaradio.cl\/web\/wp-json\/wp\/v2\/posts"}],"about":[{"href":"https:\/\/laserenaradio.cl\/web\/wp-json\/wp\/v2\/types\/post"}],"author":[{"embeddable":true,"href":"https:\/\/laserenaradio.cl\/web\/wp-json\/wp\/v2\/users\/2"}],"replies":[{"embeddable":true,"href":"https:\/\/laserenaradio.cl\/web\/wp-json\/wp\/v2\/comments?post=13228"}],"version-history":[{"count":1,"href":"https:\/\/laserenaradio.cl\/web\/wp-json\/wp\/v2\/posts\/13228\/revisions"}],"predecessor-version":[{"id":13229,"href":"https:\/\/laserenaradio.cl\/web\/wp-json\/wp\/v2\/posts\/13228\/revisions\/13229"}],"wp:featuredmedia":[{"embeddable":true,"href":"https:\/\/laserenaradio.cl\/web\/wp-json\/wp\/v2\/media\/13227"}],"wp:attachment":[{"href":"https:\/\/laserenaradio.cl\/web\/wp-json\/wp\/v2\/media?parent=13228"}],"wp:term":[{"taxonomy":"category","embeddable":true,"href":"https:\/\/laserenaradio.cl\/web\/wp-json\/wp\/v2\/categories?post=13228"},{"taxonomy":"post_tag","embeddable":true,"href":"https:\/\/laserenaradio.cl\/web\/wp-json\/wp\/v2\/tags?post=13228"}],"curies":[{"name":"wp","href":"https:\/\/api.w.org\/{rel}","templated":true}]}}