{"id":13210,"date":"2025-03-14T15:28:26","date_gmt":"2025-03-14T18:28:26","guid":{"rendered":"https:\/\/laserenaradio.cl\/web\/?p=13210"},"modified":"2025-03-14T15:28:26","modified_gmt":"2025-03-14T18:28:26","slug":"alcalde-de-santiago-acusa-formalmente-a-exalcaldesa-y-diputada-por-supuesto-trafico-de-influencias","status":"publish","type":"post","link":"https:\/\/laserenaradio.cl\/web\/2025\/03\/14\/alcalde-de-santiago-acusa-formalmente-a-exalcaldesa-y-diputada-por-supuesto-trafico-de-influencias\/","title":{"rendered":"Alcalde de Santiago acusa formalmente a exalcaldesa y diputada por supuesto &#8216;tr\u00e1fico de influencias&#8217;"},"content":{"rendered":"<p><b>El alcalde de Santiago, Mario Desbordes (RN), present\u00f3 una querella contra Irac\u00ed Hassler y Karol Cariola, acus\u00e1ndolas del delito de tr\u00e1fico de influencias<\/b><!--more-->.<\/p>\n<p>Seg\u00fan informes recientes, el Ministerio P\u00fablico solicit\u00f3 la incautaci\u00f3n de los dispositivos electr\u00f3nicos pertenecientes a Karol Cariola en marzo pasado.<\/p>\n<p>Esto se basa en un informe de la <a href=\"https:\/\/www.pdichile.cl\/\">PDI<\/a> que revela conversaciones por WhatsApp sospechosas relacionadas con supuestos actos il\u00edcitos.<\/p>\n","protected":false},"excerpt":{"rendered":"<p>El alcalde de Santiago, Mario Desbordes (RN), present\u00f3 una querella contra Irac\u00ed Hassler y Karol Cariola, acus\u00e1ndolas del delito de tr\u00e1fico de influencias<\/p>\n","protected":false},"author":2,"featured_media":13209,"comment_status":"closed","ping_status":"open","sticky":false,"template":"","format":"standard","meta":{"_jetpack_memberships_contains_paid_content":false,"jnews-multi-image_gallery":[],"jnews_single_post":[],"jnews_primary_category":[],"jnews_social_meta":[],"jnews_paywall_metabox":[],"jnews_review":[],"enable_review":"","type":"","name":"","summary":"","brand":"","sku":"","good":[],"bad":[],"score_override":"","override_value":"","rating":[],"price":[],"jnews_override_counter":[],"jnews_post_split":[],"footnotes":""},"categories":[83],"tags":[],"class_list":["post-13210","post","type-post","status-publish","format-standard","has-post-thumbnail","hentry","category-politica"],"jetpack_featured_media_url":"https:\/\/laserenaradio.cl\/web\/wp-content\/uploads\/2025\/03\/homepiaiextractoscrapimg_webpSantiagoKarolCariolainfluencias_0.webp","jetpack_sharing_enabled":true,"_links":{"self":[{"href":"https:\/\/laserenaradio.cl\/web\/wp-json\/wp\/v2\/posts\/13210","targetHints":{"allow":["GET"]}}],"collection":[{"href":"https:\/\/laserenaradio.cl\/web\/wp-json\/wp\/v2\/posts"}],"about":[{"href":"https:\/\/laserenaradio.cl\/web\/wp-json\/wp\/v2\/types\/post"}],"author":[{"embeddable":true,"href":"https:\/\/laserenaradio.cl\/web\/wp-json\/wp\/v2\/users\/2"}],"replies":[{"embeddable":true,"href":"https:\/\/laserenaradio.cl\/web\/wp-json\/wp\/v2\/comments?post=13210"}],"version-history":[{"count":1,"href":"https:\/\/laserenaradio.cl\/web\/wp-json\/wp\/v2\/posts\/13210\/revisions"}],"predecessor-version":[{"id":13211,"href":"https:\/\/laserenaradio.cl\/web\/wp-json\/wp\/v2\/posts\/13210\/revisions\/13211"}],"wp:featuredmedia":[{"embeddable":true,"href":"https:\/\/laserenaradio.cl\/web\/wp-json\/wp\/v2\/media\/13209"}],"wp:attachment":[{"href":"https:\/\/laserenaradio.cl\/web\/wp-json\/wp\/v2\/media?parent=13210"}],"wp:term":[{"taxonomy":"category","embeddable":true,"href":"https:\/\/laserenaradio.cl\/web\/wp-json\/wp\/v2\/categories?post=13210"},{"taxonomy":"post_tag","embeddable":true,"href":"https:\/\/laserenaradio.cl\/web\/wp-json\/wp\/v2\/tags?post=13210"}],"curies":[{"name":"wp","href":"https:\/\/api.w.org\/{rel}","templated":true}]}}