{"id":13198,"date":"2025-03-14T11:34:00","date_gmt":"2025-03-14T14:34:00","guid":{"rendered":"https:\/\/laserenaradio.cl\/web\/?p=13198"},"modified":"2025-03-14T11:34:00","modified_gmt":"2025-03-14T14:34:00","slug":"el-gobierno-responde-a-las-criticas-de-empresarios-sobre-la-seguridad-en-el-pais","status":"publish","type":"post","link":"https:\/\/laserenaradio.cl\/web\/2025\/03\/14\/el-gobierno-responde-a-las-criticas-de-empresarios-sobre-la-seguridad-en-el-pais\/","title":{"rendered":"El gobierno responde a las cr\u00edticas de empresarios sobre la seguridad en el pa\u00eds"},"content":{"rendered":"<p><b>El ministro de Hacienda, Mario Marcel, respondi\u00f3 a una declaraci\u00f3n p\u00fablica entregada el jueves por la Confederaci\u00f3n de la Producci\u00f3n y del Comercio (CPC), donde se critica la falta de seguridad en el pa\u00eds<\/b><!--more-->.<\/p>\n<p>En una entrevista con radio Infinita, Marcel enfatiz\u00f3 que combatir la delincuencia requiere una lucha permanente, no una medida aislada.<\/p>\n<p>Marcel argument\u00f3 que la batalla contra la delincuencia es larga y necesita concentraci\u00f3n y colaboraci\u00f3n. Destac\u00f3 el esfuerzo que el Gobierno ha dedicado al tema, incluyendo proyectos de inteligencia econ\u00f3mica contra crimen organizado. Se\u00f1al\u00f3 la necesidad de apoyar estos proyectos con el \u00edmpetu mostrado en respuestas a declaraciones de empresarios.<\/p>\n<p>Por su parte, el ministro del Interior, \u00c1lvaro Elizalde, indic\u00f3 que la seguridad es una prioridad del Gobierno y mencion\u00f3 avances significativos en zonas como la zona sur macro y la frontera norte. Aunque reconoci\u00f3 que la lucha contin\u00faa, subray\u00f3 los mejoramientos en las \u00e1reas de seguridad.<\/p>\n<p>Finalmente, la subsecretaria de Prevenci\u00f3n del Delito, Carolina Leitao, llam\u00f3 a valorar estos avances e insisti\u00f3 en el trabajo colaborativo entre sectores p\u00fablico y privado.<\/p>\n","protected":false},"excerpt":{"rendered":"<p>El ministro de Hacienda, Mario Marcel, respondi\u00f3 a una declaraci\u00f3n p\u00fablica entregada el jueves por la Confederaci\u00f3n de la Producci\u00f3n y del Comercio (CPC), donde se critica la falta de seguridad en el pa\u00eds<\/p>\n","protected":false},"author":2,"featured_media":13197,"comment_status":"closed","ping_status":"open","sticky":false,"template":"","format":"standard","meta":{"_jetpack_memberships_contains_paid_content":false,"jnews-multi-image_gallery":[],"jnews_single_post":[],"jnews_primary_category":[],"jnews_social_meta":[],"jnews_paywall_metabox":[],"jnews_review":[],"enable_review":"","type":"","name":"","summary":"","brand":"","sku":"","good":[],"bad":[],"score_override":"","override_value":"","rating":[],"price":[],"jnews_override_counter":[],"jnews_post_split":[],"footnotes":""},"categories":[83],"tags":[],"class_list":["post-13198","post","type-post","status-publish","format-standard","has-post-thumbnail","hentry","category-politica"],"jetpack_featured_media_url":"https:\/\/laserenaradio.cl\/web\/wp-content\/uploads\/2025\/03\/homepiaiextractoscrapimg_webpMarceldelincuencia_0.webp","jetpack_sharing_enabled":true,"_links":{"self":[{"href":"https:\/\/laserenaradio.cl\/web\/wp-json\/wp\/v2\/posts\/13198","targetHints":{"allow":["GET"]}}],"collection":[{"href":"https:\/\/laserenaradio.cl\/web\/wp-json\/wp\/v2\/posts"}],"about":[{"href":"https:\/\/laserenaradio.cl\/web\/wp-json\/wp\/v2\/types\/post"}],"author":[{"embeddable":true,"href":"https:\/\/laserenaradio.cl\/web\/wp-json\/wp\/v2\/users\/2"}],"replies":[{"embeddable":true,"href":"https:\/\/laserenaradio.cl\/web\/wp-json\/wp\/v2\/comments?post=13198"}],"version-history":[{"count":1,"href":"https:\/\/laserenaradio.cl\/web\/wp-json\/wp\/v2\/posts\/13198\/revisions"}],"predecessor-version":[{"id":13199,"href":"https:\/\/laserenaradio.cl\/web\/wp-json\/wp\/v2\/posts\/13198\/revisions\/13199"}],"wp:featuredmedia":[{"embeddable":true,"href":"https:\/\/laserenaradio.cl\/web\/wp-json\/wp\/v2\/media\/13197"}],"wp:attachment":[{"href":"https:\/\/laserenaradio.cl\/web\/wp-json\/wp\/v2\/media?parent=13198"}],"wp:term":[{"taxonomy":"category","embeddable":true,"href":"https:\/\/laserenaradio.cl\/web\/wp-json\/wp\/v2\/categories?post=13198"},{"taxonomy":"post_tag","embeddable":true,"href":"https:\/\/laserenaradio.cl\/web\/wp-json\/wp\/v2\/tags?post=13198"}],"curies":[{"name":"wp","href":"https:\/\/api.w.org\/{rel}","templated":true}]}}