{"id":13182,"date":"2025-03-14T08:45:09","date_gmt":"2025-03-14T11:45:09","guid":{"rendered":"https:\/\/laserenaradio.cl\/web\/?p=13182"},"modified":"2025-03-14T08:45:09","modified_gmt":"2025-03-14T11:45:09","slug":"la-bancada-de-chile-vamos-emplaza-a-karol-cariola-a-dejar-la-presidencia-de-la-camara","status":"publish","type":"post","link":"https:\/\/laserenaradio.cl\/web\/2025\/03\/14\/la-bancada-de-chile-vamos-emplaza-a-karol-cariola-a-dejar-la-presidencia-de-la-camara\/","title":{"rendered":"La bancada de Chile Vamos emplaza a Karol Cariola a dejar la presidencia de la C\u00e1mara"},"content":{"rendered":"<p><b>El esc\u00e1ndalo &#8220;Caso Sierra Bella&#8221; ha puesto en el ojo del hurac\u00e1n a Karol Cariola, quien preside la C\u00e1mara de Diputados<\/b><!--more-->.<\/p>\n<p>El Partido Comunista enfrenta presiones por parte de bancadas como UDI y Renovaci\u00f3n Nacional (RN), que emplazan a la diputada a &#8220;dar un paso al costado&#8221; ante una moci\u00f3n de censura.<\/p>\n<p>La justicia ha validado las actuaciones del Ministerio P\u00fablico en el caso, desestimando argumentos presentados por Cariola. Esto, junto con sospechas de tr\u00e1fico de influencia y corrupci\u00f3n a trav\u00e9s de arrendamientos inusuales y defensa fallida ante una incautaci\u00f3n judicial, ha encendido las alarmas.<\/p>\n<p>&#8220;Chile Vamos&#8221;, integrado por UDI, RN y Ev\u00f3poli, ahora habla con un solo voz en su exigencia a Cariola. &#8220;Nos vemos obligados a emplazar a la diputada Cariola a dejar la testera de forma inmediata&#8221;, se\u00f1alan. &#8220;Estamos comprometidos con una democracia limpia y transparente&#8221;, apuntan. Esta crisis exige un debate de altura, separando cuestiones personales del inter\u00e9s institucional.<\/p>\n<p>La bancada espera que este episodio sirva para fortalecer la credibilidad y probidad en las instituciones, sin caer en maternidades partidistas o ataques irrelevantes a Cariola.<\/p>\n","protected":false},"excerpt":{"rendered":"<p>El esc\u00e1ndalo &#8220;Caso Sierra Bella&#8221; ha puesto en el ojo del hurac\u00e1n a Karol Cariola, quien preside la C\u00e1mara de Diputados<\/p>\n","protected":false},"author":2,"featured_media":13181,"comment_status":"closed","ping_status":"open","sticky":false,"template":"","format":"standard","meta":{"_jetpack_memberships_contains_paid_content":false,"jnews-multi-image_gallery":[],"jnews_single_post":[],"jnews_primary_category":[],"jnews_social_meta":[],"jnews_paywall_metabox":[],"jnews_review":[],"enable_review":"","type":"","name":"","summary":"","brand":"","sku":"","good":[],"bad":[],"score_override":"","override_value":"","rating":[],"price":[],"jnews_override_counter":[],"jnews_post_split":[],"footnotes":""},"categories":[83],"tags":[],"class_list":["post-13182","post","type-post","status-publish","format-standard","has-post-thumbnail","hentry","category-politica"],"jetpack_featured_media_url":"https:\/\/laserenaradio.cl\/web\/wp-content\/uploads\/2025\/03\/homepiaiextractoscrapimg_webpCariolaChileVamosformaKarolCariola_0.webp","jetpack_sharing_enabled":true,"_links":{"self":[{"href":"https:\/\/laserenaradio.cl\/web\/wp-json\/wp\/v2\/posts\/13182","targetHints":{"allow":["GET"]}}],"collection":[{"href":"https:\/\/laserenaradio.cl\/web\/wp-json\/wp\/v2\/posts"}],"about":[{"href":"https:\/\/laserenaradio.cl\/web\/wp-json\/wp\/v2\/types\/post"}],"author":[{"embeddable":true,"href":"https:\/\/laserenaradio.cl\/web\/wp-json\/wp\/v2\/users\/2"}],"replies":[{"embeddable":true,"href":"https:\/\/laserenaradio.cl\/web\/wp-json\/wp\/v2\/comments?post=13182"}],"version-history":[{"count":1,"href":"https:\/\/laserenaradio.cl\/web\/wp-json\/wp\/v2\/posts\/13182\/revisions"}],"predecessor-version":[{"id":13183,"href":"https:\/\/laserenaradio.cl\/web\/wp-json\/wp\/v2\/posts\/13182\/revisions\/13183"}],"wp:featuredmedia":[{"embeddable":true,"href":"https:\/\/laserenaradio.cl\/web\/wp-json\/wp\/v2\/media\/13181"}],"wp:attachment":[{"href":"https:\/\/laserenaradio.cl\/web\/wp-json\/wp\/v2\/media?parent=13182"}],"wp:term":[{"taxonomy":"category","embeddable":true,"href":"https:\/\/laserenaradio.cl\/web\/wp-json\/wp\/v2\/categories?post=13182"},{"taxonomy":"post_tag","embeddable":true,"href":"https:\/\/laserenaradio.cl\/web\/wp-json\/wp\/v2\/tags?post=13182"}],"curies":[{"name":"wp","href":"https:\/\/api.w.org\/{rel}","templated":true}]}}