{"id":13176,"date":"2025-03-13T20:05:00","date_gmt":"2025-03-13T23:05:00","guid":{"rendered":"https:\/\/laserenaradio.cl\/web\/?p=13176"},"modified":"2025-03-13T20:05:00","modified_gmt":"2025-03-13T23:05:00","slug":"cariola-se-complica-mas-en-su-lucha-por-mantener-la-presidencia","status":"publish","type":"post","link":"https:\/\/laserenaradio.cl\/web\/2025\/03\/13\/cariola-se-complica-mas-en-su-lucha-por-mantener-la-presidencia\/","title":{"rendered":"Cariola se complica m\u00e1s en su lucha por mantener la presidencia"},"content":{"rendered":"<p><b>En este jueves, tuvo lugar una audiencia concerniente a los WhatsApp de la diputada y presidenta de la C\u00e1mara, Karol Cariola, as\u00ed como tambi\u00e9n de la exalcaldesa de Santiago, Irac\u00ed Hassler<\/b><!--more-->.<\/p>\n<p>La cuesti\u00f3n principal giraba en torno al presunto tr\u00e1fico de influencias, con un antecedente previo a la petici\u00f3n judicial realizada por la defensa de Cariola para proteger su intimidad personal, incluyendo el reciente nacimiento de su hijo Borja.<\/p>\n<p>Las declaraciones emitidas por Ximena Ossand\u00f3n, jefa de la bancada de diputados de Renovaci\u00f3n Nacional, indican que &#8220;la justicia valid\u00f3 lo obrado por la <a href=\"https:\/\/www.fiscaliadechile.cl\/\">Fiscal\u00eda<\/a>&#8220;, reafirmando que Cariola no logr\u00f3 acreditar las vulneraciones de derechos que pretend\u00eda demostrar.<\/p>\n<p>A su vez, Hugo Rey, subjefe de la bancada, se\u00f1al\u00f3 que &#8220;la justicia haya accedido a dejar fuera del proceso al tel\u00e9fono m\u00f3vil de Karol Cariola&#8221;.<\/p>\n<p>Ambos reconocieron que el procedimiento judicial contin\u00faa normalmente.<\/p>\n<p>Ossand\u00f3n expres\u00f3 su preocupaci\u00f3n por las inconsistencias en el relato dado por Cariola y su entorno, lo que ha generado dudas acerca de la relaci\u00f3n entre la diputada y los empresarios chinos.<\/p>\n<p>Asimismo, afirm\u00f3 que &#8220;la negativa a abandonar la presidencia del Parlamento es perjudicial para la Corporaci\u00f3n&#8221; y plante\u00f3 la posibilidad de censurar a Cariola si nocede al pedido de renuncia en un plazo de tiempo.<\/p>\n","protected":false},"excerpt":{"rendered":"<p>En este jueves, tuvo lugar una audiencia concerniente a los WhatsApp de la diputada y presidenta de la C\u00e1mara, Karol Cariola, as\u00ed como tambi\u00e9n de la exalcaldesa de Santiago, Irac\u00ed Hassler<\/p>\n","protected":false},"author":2,"featured_media":13175,"comment_status":"closed","ping_status":"open","sticky":false,"template":"","format":"standard","meta":{"_jetpack_memberships_contains_paid_content":false,"jnews-multi-image_gallery":[],"jnews_single_post":[],"jnews_primary_category":[],"jnews_social_meta":[],"jnews_paywall_metabox":[],"jnews_review":[],"enable_review":"","type":"","name":"","summary":"","brand":"","sku":"","good":[],"bad":[],"score_override":"","override_value":"","rating":[],"price":[],"jnews_override_counter":[],"jnews_post_split":[],"footnotes":""},"categories":[83],"tags":[],"class_list":["post-13176","post","type-post","status-publish","format-standard","has-post-thumbnail","hentry","category-politica"],"jetpack_featured_media_url":"https:\/\/laserenaradio.cl\/web\/wp-content\/uploads\/2025\/03\/homepiaiextractoscrapimg_webpCariolaCariola_1.webp","jetpack_sharing_enabled":true,"_links":{"self":[{"href":"https:\/\/laserenaradio.cl\/web\/wp-json\/wp\/v2\/posts\/13176","targetHints":{"allow":["GET"]}}],"collection":[{"href":"https:\/\/laserenaradio.cl\/web\/wp-json\/wp\/v2\/posts"}],"about":[{"href":"https:\/\/laserenaradio.cl\/web\/wp-json\/wp\/v2\/types\/post"}],"author":[{"embeddable":true,"href":"https:\/\/laserenaradio.cl\/web\/wp-json\/wp\/v2\/users\/2"}],"replies":[{"embeddable":true,"href":"https:\/\/laserenaradio.cl\/web\/wp-json\/wp\/v2\/comments?post=13176"}],"version-history":[{"count":1,"href":"https:\/\/laserenaradio.cl\/web\/wp-json\/wp\/v2\/posts\/13176\/revisions"}],"predecessor-version":[{"id":13177,"href":"https:\/\/laserenaradio.cl\/web\/wp-json\/wp\/v2\/posts\/13176\/revisions\/13177"}],"wp:featuredmedia":[{"embeddable":true,"href":"https:\/\/laserenaradio.cl\/web\/wp-json\/wp\/v2\/media\/13175"}],"wp:attachment":[{"href":"https:\/\/laserenaradio.cl\/web\/wp-json\/wp\/v2\/media?parent=13176"}],"wp:term":[{"taxonomy":"category","embeddable":true,"href":"https:\/\/laserenaradio.cl\/web\/wp-json\/wp\/v2\/categories?post=13176"},{"taxonomy":"post_tag","embeddable":true,"href":"https:\/\/laserenaradio.cl\/web\/wp-json\/wp\/v2\/tags?post=13176"}],"curies":[{"name":"wp","href":"https:\/\/api.w.org\/{rel}","templated":true}]}}