{"id":13170,"date":"2025-03-13T19:49:39","date_gmt":"2025-03-13T22:49:39","guid":{"rendered":"https:\/\/laserenaradio.cl\/web\/?p=13170"},"modified":"2025-03-13T19:49:39","modified_gmt":"2025-03-13T22:49:39","slug":"proyecto-de-ley-busca-eliminar-beneficios-para-delincuentes","status":"publish","type":"post","link":"https:\/\/laserenaradio.cl\/web\/2025\/03\/13\/proyecto-de-ley-busca-eliminar-beneficios-para-delincuentes\/","title":{"rendered":"Proyecto de ley busca eliminar beneficios para delincuentes"},"content":{"rendered":"<p><b>Cristi\u00e1n Araya, Renzo Trisotti y Catalina del Real, diputados del Partido Republicano, presentar\u00e1n un proyecto ley para terminar con los beneficios penitenciarios de aquellos que cometan delitos contra adultos mayores, menores de 18 a\u00f1os o personas con discapacidad.<\/b><!--more-->.<\/p>\n<p>La iniciativa surge a ra\u00edz de un robo con homicidio que cost\u00f3 la vida a un matrimonio en Graneros, regi\u00f3n de O&#8217;Higgins, as\u00ed como de los datos entregados por la Subsecretar\u00eda de Prevenci\u00f3n del Delito respecto al aumento de 86,83% en delitos contra adultos mayores.<\/p>\n<p>Seg\u00fan Araya, el proyecto &#8220;busca privar de cualquier beneficio, ya sea penitenciario o econ\u00f3mico, a aquel que atente contra la vida o la integridad de un adulto mayor, una persona con discapacidad o un menor de edad&#8221;.<\/p>\n<p>&#8220;No es posible que un peso de los recursos p\u00fablicos termine en los bolsillos de aquel que tiene la cobard\u00eda de aprovechar su ventaja en contra de un adulto mayor, de un menor de edad o de una persona con discapacidad&#8221;, a\u00f1adi\u00f3.<\/p>\n<p>Catalina del Real asegur\u00f3 que el &#8220;proyecto es una forma de desincentivar este tipo de delitos tan cobardes y tan deleznables en contra de estos grupos de nuestra sociedad que son los m\u00e1s indefensos frente a la delincuencia, como son las personas de la tercera edad, menores de 18 a\u00f1os y discapacitados&#8221;.<\/p>\n<p>&#8220;Esperamos que sea prontamente puesto en tabla y se empiece a tramitar para que se convierta en ley&#8221;, a\u00f1adi\u00f3 la legisladora por la Regi\u00f3n Metropolitana.<\/p>\n<p>Renzo Trisotti se\u00f1al\u00f3 que entre 2022 al 2024 se han incrementado los delitos con v\u00edctimas de adultos mayores en un 23,4%, seg\u00fan las cifras entregadas por la Subsecretar\u00eda de Prevenci\u00f3n del Delito.<\/p>\n<p>&#8220;A trav\u00e9s de estas medidas muy claras y muy concretas, pretendemos ponerle un p\u00e1rele a esos delincuentes que se aprovechan de la vulnerabilidad de los adultos mayores&#8221;, complet\u00f3.<\/p>\n<p>&#8220;El delincuente que cometa un crimen en contra de un adulto mayor no va a poder obtener la libertad condicional, no va a poder obtener beneficios intrapenitenciarios y va a perder beneficios que son otorgados con recursos del Estado&#8221;, cerr\u00f3 Trisotti.<\/p>\n","protected":false},"excerpt":{"rendered":"<p>Cristi\u00e1n Araya, Renzo Trisotti y Catalina del Real, diputados del Partido Republicano, presentar\u00e1n un proyecto ley para terminar con los beneficios penitenciarios de aquellos que cometan delitos contra adultos mayores, menores de 18 a\u00f1os o personas con discapacidad.<\/p>\n","protected":false},"author":2,"featured_media":13169,"comment_status":"closed","ping_status":"open","sticky":false,"template":"","format":"standard","meta":{"_jetpack_memberships_contains_paid_content":false,"jnews-multi-image_gallery":[],"jnews_single_post":[],"jnews_primary_category":[],"jnews_social_meta":[],"jnews_paywall_metabox":[],"jnews_review":[],"enable_review":"","type":"","name":"","summary":"","brand":"","sku":"","good":[],"bad":[],"score_override":"","override_value":"","rating":[],"price":[],"jnews_override_counter":[],"jnews_post_split":[],"footnotes":""},"categories":[83],"tags":[],"class_list":["post-13170","post","type-post","status-publish","format-standard","has-post-thumbnail","hentry","category-politica"],"jetpack_featured_media_url":"https:\/\/laserenaradio.cl\/web\/wp-content\/uploads\/2025\/03\/homepiaiextractoscrapimg_predeterminadalaserenaradio_politica-7.webp","jetpack_sharing_enabled":true,"_links":{"self":[{"href":"https:\/\/laserenaradio.cl\/web\/wp-json\/wp\/v2\/posts\/13170","targetHints":{"allow":["GET"]}}],"collection":[{"href":"https:\/\/laserenaradio.cl\/web\/wp-json\/wp\/v2\/posts"}],"about":[{"href":"https:\/\/laserenaradio.cl\/web\/wp-json\/wp\/v2\/types\/post"}],"author":[{"embeddable":true,"href":"https:\/\/laserenaradio.cl\/web\/wp-json\/wp\/v2\/users\/2"}],"replies":[{"embeddable":true,"href":"https:\/\/laserenaradio.cl\/web\/wp-json\/wp\/v2\/comments?post=13170"}],"version-history":[{"count":1,"href":"https:\/\/laserenaradio.cl\/web\/wp-json\/wp\/v2\/posts\/13170\/revisions"}],"predecessor-version":[{"id":13171,"href":"https:\/\/laserenaradio.cl\/web\/wp-json\/wp\/v2\/posts\/13170\/revisions\/13171"}],"wp:featuredmedia":[{"embeddable":true,"href":"https:\/\/laserenaradio.cl\/web\/wp-json\/wp\/v2\/media\/13169"}],"wp:attachment":[{"href":"https:\/\/laserenaradio.cl\/web\/wp-json\/wp\/v2\/media?parent=13170"}],"wp:term":[{"taxonomy":"category","embeddable":true,"href":"https:\/\/laserenaradio.cl\/web\/wp-json\/wp\/v2\/categories?post=13170"},{"taxonomy":"post_tag","embeddable":true,"href":"https:\/\/laserenaradio.cl\/web\/wp-json\/wp\/v2\/tags?post=13170"}],"curies":[{"name":"wp","href":"https:\/\/api.w.org\/{rel}","templated":true}]}}