{"id":13167,"date":"2025-03-13T19:27:04","date_gmt":"2025-03-13T22:27:04","guid":{"rendered":"https:\/\/laserenaradio.cl\/web\/?p=13167"},"modified":"2025-03-13T19:27:04","modified_gmt":"2025-03-13T22:27:04","slug":"la-bancada-evopoli-pide-renuncia-a-karol-cariola-por-su-situacion-legal-como-imputada","status":"publish","type":"post","link":"https:\/\/laserenaradio.cl\/web\/2025\/03\/13\/la-bancada-evopoli-pide-renuncia-a-karol-cariola-por-su-situacion-legal-como-imputada\/","title":{"rendered":"La bancada Ev\u00f3poli pide renuncia a Karol Cariola por su situaci\u00f3n legal como imputada"},"content":{"rendered":"<p><b>La bancada Ev\u00f3poli exige renuncia de Karol Cariola (PC) a la presidencia de la C\u00e1mara de Diputados por imputaci\u00f3n.<\/p>\n<p>En un comunicado emitido, los legisladores Ev\u00f3poli solicitaron formalmente la renuncia de Karol Cariola, diputada del Partido Comunista, a su cargo como presidenta de la C\u00e1mara de Diputados.<\/b><!--more--><\/p>\n<p>Esto se debe a su situaci\u00f3n de imputada por tr\u00e1fico de influencias.<\/p>\n<p>&#8220;La presencia de Cariola en el cargo compromete directamente la credibilidad del Poder Legislativo&#8221;, declararon los diputados Ev\u00f3poli, a\u00f1adiendo que &#8220;la incautaci\u00f3n legalmente confirmada refuerza la gravedad del caso&#8221;.<\/p>\n<p>Mientras se respetan los principios de presunci\u00f3n de inocencia, los Ev\u00f3poli argumentan que su permanencia en el cargo &#8220;da\u00f1a seriamente la institucionalidad parlamentaria&#8221;.<\/p>\n<p>&#8220;La conducci\u00f3n de la C\u00e1mara debe ser libre de duda o cuestionamiento \u00e9tico&#8221;, afirmaron.<\/p>\n<p>Para garantizar la integridad y transparencia del Poder Legislativo, los Ev\u00f3poli aseguran que evaluar\u00e1n todos los mecanismos disponibles si su petici\u00f3n no es atendida.<\/p>\n<p>La bancada insta a Cariola a presentar su renuncia de manera inmediata e indeclinable.<\/p>\n<p>El caso Cariola contin\u00faa generando preocupaci\u00f3n en la pol\u00edtica chilena, destacando el delicado equilibrio entre los principios democr\u00e1ticos y la \u00e9tica parlamentaria.<\/p>\n","protected":false},"excerpt":{"rendered":"<p>La bancada Ev\u00f3poli exige renuncia de Karol Cariola (PC) a la presidencia de la C\u00e1mara de Diputados por imputaci\u00f3n. En un comunicado emitido, los legisladores Ev\u00f3poli solicitaron formalmente la renuncia de Karol Cariola, diputada del Partido Comunista, a su cargo como presidenta de la C\u00e1mara de Diputados.<\/p>\n","protected":false},"author":2,"featured_media":13166,"comment_status":"closed","ping_status":"open","sticky":false,"template":"","format":"standard","meta":{"_jetpack_memberships_contains_paid_content":false,"jnews-multi-image_gallery":[],"jnews_single_post":[],"jnews_primary_category":[],"jnews_social_meta":[],"jnews_paywall_metabox":[],"jnews_review":[],"enable_review":"","type":"","name":"","summary":"","brand":"","sku":"","good":[],"bad":[],"score_override":"","override_value":"","rating":[],"price":[],"jnews_override_counter":[],"jnews_post_split":[],"footnotes":""},"categories":[83],"tags":[],"class_list":["post-13167","post","type-post","status-publish","format-standard","has-post-thumbnail","hentry","category-politica"],"jetpack_featured_media_url":"https:\/\/laserenaradio.cl\/web\/wp-content\/uploads\/2025\/03\/homepiaiextractoscrapimg_webprenunciabancadaKarolCariolacargo_0.webp","jetpack_sharing_enabled":true,"_links":{"self":[{"href":"https:\/\/laserenaradio.cl\/web\/wp-json\/wp\/v2\/posts\/13167","targetHints":{"allow":["GET"]}}],"collection":[{"href":"https:\/\/laserenaradio.cl\/web\/wp-json\/wp\/v2\/posts"}],"about":[{"href":"https:\/\/laserenaradio.cl\/web\/wp-json\/wp\/v2\/types\/post"}],"author":[{"embeddable":true,"href":"https:\/\/laserenaradio.cl\/web\/wp-json\/wp\/v2\/users\/2"}],"replies":[{"embeddable":true,"href":"https:\/\/laserenaradio.cl\/web\/wp-json\/wp\/v2\/comments?post=13167"}],"version-history":[{"count":1,"href":"https:\/\/laserenaradio.cl\/web\/wp-json\/wp\/v2\/posts\/13167\/revisions"}],"predecessor-version":[{"id":13168,"href":"https:\/\/laserenaradio.cl\/web\/wp-json\/wp\/v2\/posts\/13167\/revisions\/13168"}],"wp:featuredmedia":[{"embeddable":true,"href":"https:\/\/laserenaradio.cl\/web\/wp-json\/wp\/v2\/media\/13166"}],"wp:attachment":[{"href":"https:\/\/laserenaradio.cl\/web\/wp-json\/wp\/v2\/media?parent=13167"}],"wp:term":[{"taxonomy":"category","embeddable":true,"href":"https:\/\/laserenaradio.cl\/web\/wp-json\/wp\/v2\/categories?post=13167"},{"taxonomy":"post_tag","embeddable":true,"href":"https:\/\/laserenaradio.cl\/web\/wp-json\/wp\/v2\/tags?post=13167"}],"curies":[{"name":"wp","href":"https:\/\/api.w.org\/{rel}","templated":true}]}}