{"id":13155,"date":"2025-03-13T15:48:12","date_gmt":"2025-03-13T18:48:12","guid":{"rendered":"https:\/\/laserenaradio.cl\/web\/?p=13155"},"modified":"2025-03-13T15:48:12","modified_gmt":"2025-03-13T18:48:12","slug":"el-abogado-de-karol-cariola-despeja-las-relaciones-con-empresarios-chinos-tras-revelaciones-en-chats-con-la-exalcaldesa-iraci-hassler","status":"publish","type":"post","link":"https:\/\/laserenaradio.cl\/web\/2025\/03\/13\/el-abogado-de-karol-cariola-despeja-las-relaciones-con-empresarios-chinos-tras-revelaciones-en-chats-con-la-exalcaldesa-iraci-hassler\/","title":{"rendered":"El abogado de Karol Cariola despeja las relaciones con empresarios chinos tras revelaciones en chats con la exalcaldesa Irac\u00ed Hassler"},"content":{"rendered":"<p><b>El abogado Juan Carlos Manr\u00edquez explic\u00f3 las relaciones entre su defendida Karol Cariola y empresarios chinos, en el marco de los chats involucrando a Irac\u00ed Hassler<\/b><!--more-->.<\/p>\n<p>En particular, el jurista se centr\u00f3 en la interacci\u00f3n con Emilio Yang, quien actuaba como intermediario para el arrendamiento del departamento donde vive Cariola.<\/p>\n<p>Seg\u00fan Manr\u00edquez, \u201clo referente al arriendo y todo est\u00e1 suficientemente claro y explicado. No hay ninguna cuesti\u00f3n extra\u00f1a ni que pueda ser configurativa de un delito\u201d. A\u00f1adi\u00f3: \u201cPuede tener inter\u00e9s comunicacional o p\u00fablico, por eso es relevante esclarecer el caso\u201d.<\/p>\n<p>El abogado detall\u00f3 que el departamento surgi\u00f3 como respuesta a una consulta realizada por Cariola a Yang. La diputada pidi\u00f3 informaci\u00f3n sobre propiedades en un \u00e1rea espec\u00edfica, recibiendo varias opciones de las cuales eligi\u00f3 una. Los pagos fueron efectuados de manera transparente y est\u00e1n &#8220;acreditados&#8221;, subrayando que el rol de Yang era meramente intermediario, ya que &#8220;me imagino que (Yang) le rendir\u00e1 cuentas al due\u00f1o del departamento&#8221;.<\/p>\n<p>Este escenario se produce tras la revelaci\u00f3n de que el arrendamiento del departamento estaba asociado con el empresario Emilio Yang.<\/p>\n<p>La Tercera inform\u00f3 sobre este v\u00ednculo, y posteriormente Manr\u00edquez anunci\u00f3 el fin del contrato de arriendo de Cariola, quien mudar\u00eda su residencia a Valpara\u00edso.<\/p>\n","protected":false},"excerpt":{"rendered":"<p>El abogado Juan Carlos Manr\u00edquez explic\u00f3 las relaciones entre su defendida Karol Cariola y empresarios chinos, en el marco de los chats involucrando a Irac\u00ed Hassler<\/p>\n","protected":false},"author":2,"featured_media":13154,"comment_status":"closed","ping_status":"open","sticky":false,"template":"","format":"standard","meta":{"_jetpack_memberships_contains_paid_content":false,"jnews-multi-image_gallery":[],"jnews_single_post":[],"jnews_primary_category":[],"jnews_social_meta":[],"jnews_paywall_metabox":[],"jnews_review":[],"enable_review":"","type":"","name":"","summary":"","brand":"","sku":"","good":[],"bad":[],"score_override":"","override_value":"","rating":[],"price":[],"jnews_override_counter":[],"jnews_post_split":[],"footnotes":""},"categories":[83],"tags":[],"class_list":["post-13155","post","type-post","status-publish","format-standard","has-post-thumbnail","hentry","category-politica"],"jetpack_featured_media_url":"https:\/\/laserenaradio.cl\/web\/wp-content\/uploads\/2025\/03\/homepiaiextractoscrapimg_webpdepartamentoabogadoKarolCariolaempresarios_1.webp","jetpack_sharing_enabled":true,"_links":{"self":[{"href":"https:\/\/laserenaradio.cl\/web\/wp-json\/wp\/v2\/posts\/13155","targetHints":{"allow":["GET"]}}],"collection":[{"href":"https:\/\/laserenaradio.cl\/web\/wp-json\/wp\/v2\/posts"}],"about":[{"href":"https:\/\/laserenaradio.cl\/web\/wp-json\/wp\/v2\/types\/post"}],"author":[{"embeddable":true,"href":"https:\/\/laserenaradio.cl\/web\/wp-json\/wp\/v2\/users\/2"}],"replies":[{"embeddable":true,"href":"https:\/\/laserenaradio.cl\/web\/wp-json\/wp\/v2\/comments?post=13155"}],"version-history":[{"count":1,"href":"https:\/\/laserenaradio.cl\/web\/wp-json\/wp\/v2\/posts\/13155\/revisions"}],"predecessor-version":[{"id":13156,"href":"https:\/\/laserenaradio.cl\/web\/wp-json\/wp\/v2\/posts\/13155\/revisions\/13156"}],"wp:featuredmedia":[{"embeddable":true,"href":"https:\/\/laserenaradio.cl\/web\/wp-json\/wp\/v2\/media\/13154"}],"wp:attachment":[{"href":"https:\/\/laserenaradio.cl\/web\/wp-json\/wp\/v2\/media?parent=13155"}],"wp:term":[{"taxonomy":"category","embeddable":true,"href":"https:\/\/laserenaradio.cl\/web\/wp-json\/wp\/v2\/categories?post=13155"},{"taxonomy":"post_tag","embeddable":true,"href":"https:\/\/laserenaradio.cl\/web\/wp-json\/wp\/v2\/tags?post=13155"}],"curies":[{"name":"wp","href":"https:\/\/api.w.org\/{rel}","templated":true}]}}