{"id":13146,"date":"2025-03-13T14:56:41","date_gmt":"2025-03-13T17:56:41","guid":{"rendered":"https:\/\/laserenaradio.cl\/web\/?p=13146"},"modified":"2025-03-13T14:56:41","modified_gmt":"2025-03-13T17:56:41","slug":"kast-se-pronuncio-contra-la-pena-capital-la-cadena-perpetua-es-muerte-en-vida","status":"publish","type":"post","link":"https:\/\/laserenaradio.cl\/web\/2025\/03\/13\/kast-se-pronuncio-contra-la-pena-capital-la-cadena-perpetua-es-muerte-en-vida\/","title":{"rendered":"Kast se pronunci\u00f3 contra la pena capital: &#8220;La cadena perpetua es muerte en vida&#8221;"},"content":{"rendered":"<p><b>El candidato presidencial del partido Republicano, Jos\u00e9 Antonio Kast, rechaz\u00f3 la pena capital en Chile, argumentando que considera la cadena perpetua como &#8220;muerte en vida&#8221;<\/b><!--more-->.<\/p>\n<p>Esto ocurri\u00f3 durante una visita a Arica, donde se encuentra realizando actividades de campa\u00f1a como aspirante de la colectividad derechista.<\/p>\n<p>Recordemos que nuestro pa\u00eds firm\u00f3 el Pacto de San Jos\u00e9 de Costa Rica, lo que impide restablecer la pena capital una vez abolida; en 2001, bajo el gobierno del presidente Ricardo Lagos, Chile ya hab\u00eda derogado esta pr\u00e1ctica. Sin embargo, en el \u00e1mbito de justicia militar, a\u00fan se contempla la pena de muerte para cr\u00edmenes cometidos durante tiempos de guerra.<\/p>\n<p>Jos\u00e9 Antonio Kast defendi\u00f3 su postura frente a los medios locales, afirmando que &#8220;nosotros defendemos la vida desde la concepci\u00f3n hasta la muerte natural, no defendemos la pena de muerte&#8221;. Sostuvo que la cadena perpetua es la sanci\u00f3n m\u00e1s severa, ya que a\u00edsla al delincuente de la sociedad por toda su vida.<\/p>\n<p>Kast destac\u00f3: &#8220;La sanci\u00f3n m\u00e1s dura que se le puede aplicar a un delincuente, a un narcotraficante o a un violador, es la cadena perpetua, que lo va a aislar completamente de su entorno y de la sociedad de por vida&#8221;.<\/p>\n<p>Adem\u00e1s, el candidato compar\u00f3 este sistema con el modelo penitenciario implementado por el presidente Nayib Bukele en El Salvador, mencionando espec\u00edficamente el centro penitenciario de m\u00e1xima seguridad conocido como Cecot. Kast prometi\u00f3 que Chile seguir\u00e1 este camino y adoptar\u00e1 una cadena perpetua efectiva e ininterrumpida.<\/p>\n<p>Es importante recordar que los \u00faltimos condenados a muerte en Chile fueron Jorge Sagredo Pizarro y Carlos Topp Collins, conocidos como &#8220;psic\u00f3patas de Vi\u00f1a del Mar&#8221;, quienes fueron ejecutados en 1985.<\/p>\n","protected":false},"excerpt":{"rendered":"<p>El candidato presidencial del partido Republicano, Jos\u00e9 Antonio Kast, rechaz\u00f3 la pena capital en Chile, argumentando que considera la cadena perpetua como &#8220;muerte en vida&#8221;<\/p>\n","protected":false},"author":2,"featured_media":13145,"comment_status":"closed","ping_status":"open","sticky":false,"template":"","format":"standard","meta":{"_jetpack_memberships_contains_paid_content":false,"jnews-multi-image_gallery":[],"jnews_single_post":[],"jnews_primary_category":[],"jnews_social_meta":[],"jnews_paywall_metabox":[],"jnews_review":[],"enable_review":"","type":"","name":"","summary":"","brand":"","sku":"","good":[],"bad":[],"score_override":"","override_value":"","rating":[],"price":[],"jnews_override_counter":[],"jnews_post_split":[],"footnotes":""},"categories":[83],"tags":[],"class_list":["post-13146","post","type-post","status-publish","format-standard","has-post-thumbnail","hentry","category-politica"],"jetpack_featured_media_url":"https:\/\/laserenaradio.cl\/web\/wp-content\/uploads\/2025\/03\/homepiaiextractoscrapimg_webpKastmuerte_0.webp","jetpack_sharing_enabled":true,"_links":{"self":[{"href":"https:\/\/laserenaradio.cl\/web\/wp-json\/wp\/v2\/posts\/13146","targetHints":{"allow":["GET"]}}],"collection":[{"href":"https:\/\/laserenaradio.cl\/web\/wp-json\/wp\/v2\/posts"}],"about":[{"href":"https:\/\/laserenaradio.cl\/web\/wp-json\/wp\/v2\/types\/post"}],"author":[{"embeddable":true,"href":"https:\/\/laserenaradio.cl\/web\/wp-json\/wp\/v2\/users\/2"}],"replies":[{"embeddable":true,"href":"https:\/\/laserenaradio.cl\/web\/wp-json\/wp\/v2\/comments?post=13146"}],"version-history":[{"count":1,"href":"https:\/\/laserenaradio.cl\/web\/wp-json\/wp\/v2\/posts\/13146\/revisions"}],"predecessor-version":[{"id":13147,"href":"https:\/\/laserenaradio.cl\/web\/wp-json\/wp\/v2\/posts\/13146\/revisions\/13147"}],"wp:featuredmedia":[{"embeddable":true,"href":"https:\/\/laserenaradio.cl\/web\/wp-json\/wp\/v2\/media\/13145"}],"wp:attachment":[{"href":"https:\/\/laserenaradio.cl\/web\/wp-json\/wp\/v2\/media?parent=13146"}],"wp:term":[{"taxonomy":"category","embeddable":true,"href":"https:\/\/laserenaradio.cl\/web\/wp-json\/wp\/v2\/categories?post=13146"},{"taxonomy":"post_tag","embeddable":true,"href":"https:\/\/laserenaradio.cl\/web\/wp-json\/wp\/v2\/tags?post=13146"}],"curies":[{"name":"wp","href":"https:\/\/api.w.org\/{rel}","templated":true}]}}