{"id":13139,"date":"2025-03-13T11:47:20","date_gmt":"2025-03-13T14:47:20","guid":{"rendered":"https:\/\/laserenaradio.cl\/web\/?p=13139"},"modified":"2025-03-13T11:47:20","modified_gmt":"2025-03-13T14:47:20","slug":"el-ministro-alvaro-elizalde-defiende-la-gestion-del-gobierno-en-seguridad-y-promete-mantener-el-esfuerzo","status":"publish","type":"post","link":"https:\/\/laserenaradio.cl\/web\/2025\/03\/13\/el-ministro-alvaro-elizalde-defiende-la-gestion-del-gobierno-en-seguridad-y-promete-mantener-el-esfuerzo\/","title":{"rendered":"El ministro \u00c1lvaro Elizalde defiende la gesti\u00f3n del gobierno en seguridad y promete mantener el esfuerzo"},"content":{"rendered":"<p><b>Desde la regi\u00f3n de O&#8217;Higgins, el ministro de Interior, \u00c1lvaro Elizalde, se refiri\u00f3 a los dichos de su antecesora, Carolina Toh\u00e1, sobre la gesti\u00f3n del gobierno en seguridad<\/b><!--more-->.<\/p>\n<p>La candidata presidencial afirm\u00f3 que &#8220;este gobierno no ten\u00eda este tema (seguridad) en su prioridad y lo incorpor\u00f3&#8221;. Al ser consultado, Elizalde defendi\u00f3 las acciones realizadas por la administraci\u00f3n Boric. &#8220;Los distintos gobiernos se enfrentan desaf\u00edos que no necesariamente fueron parte o un eje central de los programas en torno a los cuales se desarroll\u00f3 el debate en la campa\u00f1a presidencial&#8221;, explic\u00f3. Agregando que &#8220;el Presidente Boric ha debido enfrentar el desaf\u00edo de un deterioro creciente, por muchos a\u00f1os, particularmente respecto de la situaci\u00f3n de seguridad y la crisis migratoria&#8221;.<\/p>\n<p>&#8220;Y en ese contexto, bajo el liderazgo del Presidente Boric, la ministra Toh\u00e1 ha hecho un muy buen trabajo con el objeto de, primero, actualizar nuestro marco normativo; segundo, dotar de m\u00e1s recursos a las instituciones; y, en tercer lugar, fortalecer las capacidades institucionales y operacionales&#8221;, destac\u00f3 Elizalde.<\/p>\n<p>Ejemplificando con la disminuci\u00f3n de la violencia rural en la macrozona sur, el secretario de Estado valor\u00f3 la gesti\u00f3n. &#8220;Y por eso, junto a lo que se ha hecho, vamos a seguir impulsando las iniciativas que son de p\u00fablico conocimiento para efectivamente generar una baja muy importante en materia de los delitos m\u00e1s graves&#8221;, a\u00f1adi\u00f3.<\/p>\n<p>A juicio de Elizalde, &#8220;tenemos que perseverar en este esfuerzo, nadie puede sacar aqu\u00ed una cuenta a corto plazo. Hay que insistir en redoblar los esfuerzos institucionales para construir un Chile m\u00e1s seguro, que es el desaf\u00edo que nos plantean todas las chilenas y chilenos&#8221;.<\/p>\n<p>&#8220;El Presidente Boric tuvo que enfrentar una situaci\u00f3n compleja en materia de seguridad, una crisis migratoria que no se origin\u00f3 en su gobierno, que vino desde antes y ha puesto \u00e9nfasis -desde hace ya bastante tiempo- con este tipo de iniciativas que nos permiten empezar a obtener estos resultados&#8221;, concluy\u00f3.<\/p>\n","protected":false},"excerpt":{"rendered":"<p>Desde la regi\u00f3n de O&#8217;Higgins, el ministro de Interior, \u00c1lvaro Elizalde, se refiri\u00f3 a los dichos de su antecesora, Carolina Toh\u00e1, sobre la gesti\u00f3n del gobierno en seguridad<\/p>\n","protected":false},"author":2,"featured_media":13138,"comment_status":"closed","ping_status":"open","sticky":false,"template":"","format":"standard","meta":{"_jetpack_memberships_contains_paid_content":false,"jnews-multi-image_gallery":[],"jnews_single_post":[],"jnews_primary_category":[],"jnews_social_meta":[],"jnews_paywall_metabox":[],"jnews_review":[],"enable_review":"","type":"","name":"","summary":"","brand":"","sku":"","good":[],"bad":[],"score_override":"","override_value":"","rating":[],"price":[],"jnews_override_counter":[],"jnews_post_split":[],"footnotes":""},"categories":[83],"tags":[],"class_list":["post-13139","post","type-post","status-publish","format-standard","has-post-thumbnail","hentry","category-politica"],"jetpack_featured_media_url":"https:\/\/laserenaradio.cl\/web\/wp-content\/uploads\/2025\/03\/homepiaiextractoscrapimg_webpAlvaroElizalde_1.webp","jetpack_sharing_enabled":true,"_links":{"self":[{"href":"https:\/\/laserenaradio.cl\/web\/wp-json\/wp\/v2\/posts\/13139","targetHints":{"allow":["GET"]}}],"collection":[{"href":"https:\/\/laserenaradio.cl\/web\/wp-json\/wp\/v2\/posts"}],"about":[{"href":"https:\/\/laserenaradio.cl\/web\/wp-json\/wp\/v2\/types\/post"}],"author":[{"embeddable":true,"href":"https:\/\/laserenaradio.cl\/web\/wp-json\/wp\/v2\/users\/2"}],"replies":[{"embeddable":true,"href":"https:\/\/laserenaradio.cl\/web\/wp-json\/wp\/v2\/comments?post=13139"}],"version-history":[{"count":1,"href":"https:\/\/laserenaradio.cl\/web\/wp-json\/wp\/v2\/posts\/13139\/revisions"}],"predecessor-version":[{"id":13140,"href":"https:\/\/laserenaradio.cl\/web\/wp-json\/wp\/v2\/posts\/13139\/revisions\/13140"}],"wp:featuredmedia":[{"embeddable":true,"href":"https:\/\/laserenaradio.cl\/web\/wp-json\/wp\/v2\/media\/13138"}],"wp:attachment":[{"href":"https:\/\/laserenaradio.cl\/web\/wp-json\/wp\/v2\/media?parent=13139"}],"wp:term":[{"taxonomy":"category","embeddable":true,"href":"https:\/\/laserenaradio.cl\/web\/wp-json\/wp\/v2\/categories?post=13139"},{"taxonomy":"post_tag","embeddable":true,"href":"https:\/\/laserenaradio.cl\/web\/wp-json\/wp\/v2\/tags?post=13139"}],"curies":[{"name":"wp","href":"https:\/\/api.w.org\/{rel}","templated":true}]}}