{"id":13133,"date":"2025-03-13T10:16:00","date_gmt":"2025-03-13T13:16:00","guid":{"rendered":"https:\/\/laserenaradio.cl\/web\/?p=13133"},"modified":"2025-03-13T10:16:00","modified_gmt":"2025-03-13T13:16:00","slug":"michelle-bachelet-sorprende-con-posibilidad-de-candidatura-a-la-secretaria-general-de-la-onu","status":"publish","type":"post","link":"https:\/\/laserenaradio.cl\/web\/2025\/03\/13\/michelle-bachelet-sorprende-con-posibilidad-de-candidatura-a-la-secretaria-general-de-la-onu\/","title":{"rendered":"Michelle Bachelet sorprende con posibilidad de candidatura a la Secretar\u00eda General de la ONU"},"content":{"rendered":"<p><b>Michelle Bachelet ha sorprendido a muchos al anunciar su posible candidatura para asumir como secretaria general de la ONU, cargo que se renovar\u00e1 en 2025<\/b><!--more-->.<\/p>\n<p>Esta noticia fue recibida con una ovaci\u00f3n durante el 30\u00b0 aniversario de la Conferencia de Beijing.<\/p>\n<p>&#8220;Quiz\u00e1s voy a ser candidata por la secretar\u00eda general&#8221;, declar\u00f3 Bachelet, marcando un giro en su trayectoria pol\u00edtica tras descartar una tercera postulaci\u00f3n presidencial. Durante su discurso, Bachelet destac\u00f3 los avances logrados en Beijing, pero tambi\u00e9n enfatiz\u00f3 la urgencia de acelerar la igualdad. &#8220;Estamos aqu\u00ed porque Beijing tuvo resultados, pero tenemos que entender que estamos tan lejos&#8221;, afirm\u00f3.<\/p>\n<p>Su mensaje reson\u00f3 entre los asistentes, quienes la ovacionaron tras su anuncio.<\/p>\n<p>La expresidenta ya cuenta con experiencia en la ONU: dirigi\u00f3 ONU Mujeres (2010-2013) y fue alta comisionada de Derechos Humanos (2018-2022).<\/p>\n<p>Bachelet insisti\u00f3 en que es necesario involucrar a los hombres como aliados en la lucha por los derechos de las mujeres. &#8220;Necesitamos mostrarles que no solo las mujeres ganamos cuando nuestros derechos son respetados, sino que sus vidas ser\u00e1n mejores&#8221;, sostuvo. Agreg\u00f3 que, si los hombres defienden estas causas, \u201cla sociedad ganar\u00e1, los ni\u00f1os ganar\u00e1n y la econom\u00eda ganar\u00e1\u201d.<\/p>\n<p>De concretarse su postulaci\u00f3n a la ONU, Bachelet podr\u00eda convertirse en la primera mujer en liderar el organismo desde su fundaci\u00f3n en 1945. Hasta ahora, el cargo ha sido ocupado exclusivamente por hombres, entre ellos el portugu\u00e9s Ant\u00f3nio Guterres, cuyo mandato finaliza en 2026.<\/p>\n<p>Durante su gesti\u00f3n como alta comisionada de Derechos Humanos, Bachelet enfrent\u00f3 cr\u00edticas por su enfoque en conflictos globales, pero tambi\u00e9n impuls\u00f3 agendas sobre justicia clim\u00e1tica y protecci\u00f3n de minor\u00edas.<\/p>\n","protected":false},"excerpt":{"rendered":"<p>Michelle Bachelet ha sorprendido a muchos al anunciar su posible candidatura para asumir como secretaria general de la ONU, cargo que se renovar\u00e1 en 2025<\/p>\n","protected":false},"author":2,"featured_media":13132,"comment_status":"closed","ping_status":"open","sticky":false,"template":"","format":"standard","meta":{"_jetpack_memberships_contains_paid_content":false,"jnews-multi-image_gallery":[],"jnews_single_post":[],"jnews_primary_category":[],"jnews_social_meta":[],"jnews_paywall_metabox":[],"jnews_review":[],"enable_review":"","type":"","name":"","summary":"","brand":"","sku":"","good":[],"bad":[],"score_override":"","override_value":"","rating":[],"price":[],"jnews_override_counter":[],"jnews_post_split":[],"footnotes":""},"categories":[83],"tags":[],"class_list":["post-13133","post","type-post","status-publish","format-standard","has-post-thumbnail","hentry","category-politica"],"jetpack_featured_media_url":"https:\/\/laserenaradio.cl\/web\/wp-content\/uploads\/2025\/03\/homepiaiextractoscrapimg_webpMichelleBachelet_1.webp","jetpack_sharing_enabled":true,"_links":{"self":[{"href":"https:\/\/laserenaradio.cl\/web\/wp-json\/wp\/v2\/posts\/13133","targetHints":{"allow":["GET"]}}],"collection":[{"href":"https:\/\/laserenaradio.cl\/web\/wp-json\/wp\/v2\/posts"}],"about":[{"href":"https:\/\/laserenaradio.cl\/web\/wp-json\/wp\/v2\/types\/post"}],"author":[{"embeddable":true,"href":"https:\/\/laserenaradio.cl\/web\/wp-json\/wp\/v2\/users\/2"}],"replies":[{"embeddable":true,"href":"https:\/\/laserenaradio.cl\/web\/wp-json\/wp\/v2\/comments?post=13133"}],"version-history":[{"count":1,"href":"https:\/\/laserenaradio.cl\/web\/wp-json\/wp\/v2\/posts\/13133\/revisions"}],"predecessor-version":[{"id":13134,"href":"https:\/\/laserenaradio.cl\/web\/wp-json\/wp\/v2\/posts\/13133\/revisions\/13134"}],"wp:featuredmedia":[{"embeddable":true,"href":"https:\/\/laserenaradio.cl\/web\/wp-json\/wp\/v2\/media\/13132"}],"wp:attachment":[{"href":"https:\/\/laserenaradio.cl\/web\/wp-json\/wp\/v2\/media?parent=13133"}],"wp:term":[{"taxonomy":"category","embeddable":true,"href":"https:\/\/laserenaradio.cl\/web\/wp-json\/wp\/v2\/categories?post=13133"},{"taxonomy":"post_tag","embeddable":true,"href":"https:\/\/laserenaradio.cl\/web\/wp-json\/wp\/v2\/tags?post=13133"}],"curies":[{"name":"wp","href":"https:\/\/api.w.org\/{rel}","templated":true}]}}