{"id":13127,"date":"2025-03-13T09:31:42","date_gmt":"2025-03-13T12:31:42","guid":{"rendered":"https:\/\/laserenaradio.cl\/web\/?p=13127"},"modified":"2025-03-13T09:31:42","modified_gmt":"2025-03-13T12:31:42","slug":"la-precandidata-presidencial-del-ppd-carolina-toha-genera-polemica-con-afirmaciones-sobre-seguridad","status":"publish","type":"post","link":"https:\/\/laserenaradio.cl\/web\/2025\/03\/13\/la-precandidata-presidencial-del-ppd-carolina-toha-genera-polemica-con-afirmaciones-sobre-seguridad\/","title":{"rendered":"La precandidata presidencial del PPD, Carolina Toh\u00e1, genera pol\u00e9mica con afirmaciones sobre seguridad"},"content":{"rendered":"<p><b>Carolina Toh\u00e1, precandidata presidencial del PPD, gener\u00f3 controversia al afirmar que la seguridad no fue prioridad en el comienzo del gobierno de Gabriel Boric<\/b><!--more-->.<\/p>\n<p>En declaraciones aclaratorias, se\u00f1al\u00f3 que si llega al poder pondr\u00e1 \u00e9nfasis en este tema desde el primer d\u00eda. Sus palabras han sido interpretadas por el Ejecutivo y el Frente Amplio como parte de su estrategia electoral.<\/p>\n<p>La exministra del Interior se mostr\u00f3 incisiva sobre la importancia de seguridad nacional, asegurando que en un eventual gobierno suyo ser\u00e1 una prioridad inmediata.<\/p>\n<p>En un contexto electoral cargado de cr\u00edticas, Toh\u00e1 afirm\u00f3: &#8220;Va a ser as\u00ed desde el primer d\u00eda&#8221;, en entrevista con el Expreso B\u00edo B\u00edo. <\/p>\n<p>Cabe recordar que Carolina Toh\u00e1 ocup\u00f3 el cargo de ministra del Interior durante la gesti\u00f3n anterior y ahora aspira a reconfigurar la agenda pol\u00edtica para hacerla m\u00e1s segura. Sin embargo, sus declaraciones han provocado una reacci\u00f3n adversa tanto desde la derecha como en partidos aliados al actual gobierno.<\/p>\n<p>El Ejecutivo ha respondido que las cr\u00edticas de Toh\u00e1 deben ser vistos &#8220;en clave electoral&#8221;, mientras el Frente Amplio considera que es una oportunidad para su candidata. Jorge Brito, diputado del FA, argument\u00f3 que la propuesta de seguridad de Boric fue consistente y ha sido implementada con \u00e9xito.<\/p>\n<p>Por otro lado, Ximena Rinc\u00f3n, senadora del Dem\u00f3crata, critic\u00f3 la postura de Toh\u00e1 por su contextualizaci\u00f3n en el marco de un proceso constitucional fallido.<\/p>\n<p>El subsecretario del Interior, Luis Cordero, inst\u00f3 a no polarizar la discusi\u00f3n durante la campa\u00f1a electoral para evitar que los intereses criminales aprovechen las divisiones pol\u00edticas.<\/p>\n<p>En resumen, Carolina Toh\u00e1 se enfrenta a una serie de cr\u00edticas y defensas en el marco de su carrera hacia La Moneda.<\/p>\n<p>Mientras que el Ejecutivo ve en sus declaraciones una estrategia electoral, los partidos aliados buscan desmarcarse de las acusaciones mientras la oposici\u00f3n intenta capitalizarlas en su contra.<\/p>\n","protected":false},"excerpt":{"rendered":"<p>Carolina Toh\u00e1, precandidata presidencial del PPD, gener\u00f3 controversia al afirmar que la seguridad no fue prioridad en el comienzo del gobierno de Gabriel Boric<\/p>\n","protected":false},"author":2,"featured_media":13126,"comment_status":"closed","ping_status":"open","sticky":false,"template":"","format":"standard","meta":{"_jetpack_memberships_contains_paid_content":false,"jnews-multi-image_gallery":[],"jnews_single_post":[],"jnews_primary_category":[],"jnews_social_meta":[],"jnews_paywall_metabox":[],"jnews_review":[],"enable_review":"","type":"","name":"","summary":"","brand":"","sku":"","good":[],"bad":[],"score_override":"","override_value":"","rating":[],"price":[],"jnews_override_counter":[],"jnews_post_split":[],"footnotes":""},"categories":[83],"tags":[],"class_list":["post-13127","post","type-post","status-publish","format-standard","has-post-thumbnail","hentry","category-politica"],"jetpack_featured_media_url":"https:\/\/laserenaradio.cl\/web\/wp-content\/uploads\/2025\/03\/homepiaiextractoscrapimg_predeterminadalaserenaradio_politica-6.webp","jetpack_sharing_enabled":true,"_links":{"self":[{"href":"https:\/\/laserenaradio.cl\/web\/wp-json\/wp\/v2\/posts\/13127","targetHints":{"allow":["GET"]}}],"collection":[{"href":"https:\/\/laserenaradio.cl\/web\/wp-json\/wp\/v2\/posts"}],"about":[{"href":"https:\/\/laserenaradio.cl\/web\/wp-json\/wp\/v2\/types\/post"}],"author":[{"embeddable":true,"href":"https:\/\/laserenaradio.cl\/web\/wp-json\/wp\/v2\/users\/2"}],"replies":[{"embeddable":true,"href":"https:\/\/laserenaradio.cl\/web\/wp-json\/wp\/v2\/comments?post=13127"}],"version-history":[{"count":1,"href":"https:\/\/laserenaradio.cl\/web\/wp-json\/wp\/v2\/posts\/13127\/revisions"}],"predecessor-version":[{"id":13128,"href":"https:\/\/laserenaradio.cl\/web\/wp-json\/wp\/v2\/posts\/13127\/revisions\/13128"}],"wp:featuredmedia":[{"embeddable":true,"href":"https:\/\/laserenaradio.cl\/web\/wp-json\/wp\/v2\/media\/13126"}],"wp:attachment":[{"href":"https:\/\/laserenaradio.cl\/web\/wp-json\/wp\/v2\/media?parent=13127"}],"wp:term":[{"taxonomy":"category","embeddable":true,"href":"https:\/\/laserenaradio.cl\/web\/wp-json\/wp\/v2\/categories?post=13127"},{"taxonomy":"post_tag","embeddable":true,"href":"https:\/\/laserenaradio.cl\/web\/wp-json\/wp\/v2\/tags?post=13127"}],"curies":[{"name":"wp","href":"https:\/\/api.w.org\/{rel}","templated":true}]}}