{"id":13100,"date":"2025-03-12T15:17:15","date_gmt":"2025-03-12T18:17:15","guid":{"rendered":"https:\/\/laserenaradio.cl\/web\/?p=13100"},"modified":"2025-03-12T15:17:15","modified_gmt":"2025-03-12T18:17:15","slug":"karen-rojo-busca-acceder-a-una-pena-mixta-en-su-condena-por-fraude-al-fisco","status":"publish","type":"post","link":"https:\/\/laserenaradio.cl\/web\/2025\/03\/12\/karen-rojo-busca-acceder-a-una-pena-mixta-en-su-condena-por-fraude-al-fisco\/","title":{"rendered":"Karen Rojo busca acceder a una pena mixta en su condena por fraude al fisco"},"content":{"rendered":"<p><b>La exalcaldesa de Antofagasta, Karen Rojo, present\u00f3 un recurso de amparo ante la Corte de Apelaciones de Copiap\u00f3, luego que el Juzgado de Garant\u00eda de Antofagasta rechazara su petici\u00f3n de pena mixta basada en el art\u00edculo 33 de la Ley 18.216<\/b><!--more-->.<\/p>\n<p>Este fallo fue ratificado por la Corte de Apelaciones de Antofagasta, motivando as\u00ed un nuevo recurso legal.<\/p>\n<p>Fidel Castro, abogado de Rojo, argument\u00f3 que la negativa a concederle una pena mixta configura una infracci\u00f3n a la Constituci\u00f3n y las leyes chilenas. En su petici\u00f3n, solicita restablecer el &#8220;imperio del derecho&#8221; y permitir que la exjefa comunal cumpla parte de su condena bajo monitoreo telem\u00e1tico.<\/p>\n<p>Karen Rojo fue condenada en 2021 a cinco a\u00f1os y un d\u00eda de prisi\u00f3n efectiva por fraude al fisco. Huy\u00f3 del pa\u00eds el 23 de marzo de 2022, cuando la Corte Suprema rechaz\u00f3 su recurso de nulidad, y fue arrestada en los Pa\u00edses Bajos el 13 de julio del mismo a\u00f1o, tras permanecer 112 d\u00edas pr\u00f3fuga. Posteriormente, fue extraditada a Chile para cumplir su condena.<\/p>\n<p>La defensa sostiene que la interpretaci\u00f3n restrictiva de la ley por parte de los tribunales ha prolongado indebidamente la privaci\u00f3n de libertad de Rojo. Adem\u00e1s, argumentan que el Estado chileno reconoci\u00f3 en el proceso de extradici\u00f3n que el tiempo pasado en prisi\u00f3n en los Pa\u00edses Bajos debe ser descontado.<\/p>\n<p>El recurso tambi\u00e9n cuestiona la legalidad de la detenci\u00f3n de Karen Rojo debido a la vulneraci\u00f3n del principio de igualdad ante la ley, consagrado en la Constituci\u00f3n chilena.<\/p>\n<p>Seg\u00fan su equipo legal, esta decisi\u00f3n establece una discriminaci\u00f3n arbitraria entre quienes cumplen su condena en Chile y aquellos que lo hacen en el extranjero por orden judicial. Adem\u00e1s, se resalta la buena conducta de Rojo durante su reclusi\u00f3n en los Pa\u00edses Bajos, argumento considerado para evaluar su beneficio penitenciario.<\/p>\n<p>La Corte de Apelaciones de Copiap\u00f3 deber\u00e1 ahora revisar el recurso y determinar si acoge la solicitud de la defensa para acceder a una pena mixta.<\/p>\n","protected":false},"excerpt":{"rendered":"<p>La exalcaldesa de Antofagasta, Karen Rojo, present\u00f3 un recurso de amparo ante la Corte de Apelaciones de Copiap\u00f3, luego que el Juzgado de Garant\u00eda de Antofagasta rechazara su petici\u00f3n de pena mixta basada en el art\u00edculo 33 de la Ley 18.216<\/p>\n","protected":false},"author":2,"featured_media":13099,"comment_status":"closed","ping_status":"open","sticky":false,"template":"","format":"standard","meta":{"_jetpack_memberships_contains_paid_content":false,"jnews-multi-image_gallery":[],"jnews_single_post":[],"jnews_primary_category":[],"jnews_social_meta":[],"jnews_paywall_metabox":[],"jnews_review":[],"enable_review":"","type":"","name":"","summary":"","brand":"","sku":"","good":[],"bad":[],"score_override":"","override_value":"","rating":[],"price":[],"jnews_override_counter":[],"jnews_post_split":[],"footnotes":""},"categories":[83],"tags":[],"class_list":["post-13100","post","type-post","status-publish","format-standard","has-post-thumbnail","hentry","category-politica"],"jetpack_featured_media_url":"https:\/\/laserenaradio.cl\/web\/wp-content\/uploads\/2025\/03\/homepiaiextractoscrapimg_webpKarenRojo_1.webp","jetpack_sharing_enabled":true,"_links":{"self":[{"href":"https:\/\/laserenaradio.cl\/web\/wp-json\/wp\/v2\/posts\/13100","targetHints":{"allow":["GET"]}}],"collection":[{"href":"https:\/\/laserenaradio.cl\/web\/wp-json\/wp\/v2\/posts"}],"about":[{"href":"https:\/\/laserenaradio.cl\/web\/wp-json\/wp\/v2\/types\/post"}],"author":[{"embeddable":true,"href":"https:\/\/laserenaradio.cl\/web\/wp-json\/wp\/v2\/users\/2"}],"replies":[{"embeddable":true,"href":"https:\/\/laserenaradio.cl\/web\/wp-json\/wp\/v2\/comments?post=13100"}],"version-history":[{"count":1,"href":"https:\/\/laserenaradio.cl\/web\/wp-json\/wp\/v2\/posts\/13100\/revisions"}],"predecessor-version":[{"id":13101,"href":"https:\/\/laserenaradio.cl\/web\/wp-json\/wp\/v2\/posts\/13100\/revisions\/13101"}],"wp:featuredmedia":[{"embeddable":true,"href":"https:\/\/laserenaradio.cl\/web\/wp-json\/wp\/v2\/media\/13099"}],"wp:attachment":[{"href":"https:\/\/laserenaradio.cl\/web\/wp-json\/wp\/v2\/media?parent=13100"}],"wp:term":[{"taxonomy":"category","embeddable":true,"href":"https:\/\/laserenaradio.cl\/web\/wp-json\/wp\/v2\/categories?post=13100"},{"taxonomy":"post_tag","embeddable":true,"href":"https:\/\/laserenaradio.cl\/web\/wp-json\/wp\/v2\/tags?post=13100"}],"curies":[{"name":"wp","href":"https:\/\/api.w.org\/{rel}","templated":true}]}}