{"id":13088,"date":"2025-03-12T11:09:27","date_gmt":"2025-03-12T14:09:27","guid":{"rendered":"https:\/\/laserenaradio.cl\/web\/?p=13088"},"modified":"2025-03-12T11:09:27","modified_gmt":"2025-03-12T14:09:27","slug":"convenio-politico-listas-unicas-y-duelo-presidencial","status":"publish","type":"post","link":"https:\/\/laserenaradio.cl\/web\/2025\/03\/12\/convenio-politico-listas-unicas-y-duelo-presidencial\/","title":{"rendered":"Convenio pol\u00edtico: \u00bfListas \u00fanicas y duelo presidencial?"},"content":{"rendered":"<p><b>El Partido Republicano y el Nacional Libertario (PNL) est\u00e1n cerca de concretar una alianza electoral para las elecciones 2024<\/b><!--more-->.<\/p>\n<p>Este pacto implicar\u00eda que Jos\u00e9 Antonio Kast y Johannes Kaiser compiten en la primera vuelta presidencial, pero presenten una lista \u00fanica a nivel parlamentario. Los acercamientos entre ambas formaciones comenzaron hacia finales de 2024, cuando el diputado Kaiser experiment\u00f3 un significativo aumento en su popularidad.<\/p>\n<p>Hace un a\u00f1o, seg\u00fan encuestas Plaza P\u00fablica Cadem de marzo, la presencia de Kaiser en las preferencias presidenciales apenas marcaba 2 puntos. Sin embargo, desde diciembre, ha logrado avanzar al segundo lugar con 13 puntos. Este crecimiento coincide con la reciente aprobaci\u00f3n del proceso para crear el Partido Nacional Libertario.<\/p>\n<p>Dado que ambos partidos representan al sector m\u00e1s duro de la derecha chilena, las conversaciones -lideradas por Kaiser y Arturo Squella- avanzan r\u00e1pidamente, con un acuerdo casi cerrado. &#8220;Hay confianza entre nosotros y la idea es dividir proporcionalmente los cupos de candidaturas&#8221;, explic\u00f3 una fuente.<\/p>\n<p>No obstante, a\u00fan falta definir si el Partido Social Cristiano participar\u00e1 en esta lista \u00fanica, con Arturo Squella esperando que los republicanos act\u00faen como &#8220;bisagra&#8221; para unir a esta parte de la oposici\u00f3n.<\/p>\n<p>Kaiser ha indicado que los candidatos por su partido todav\u00eda no han sido definidos, mientras que el Partido Republicano ya tiene varios nombres confirmados: Sof\u00eda Cid, Renzo Trisotti, Ignacio Urrutia y Arturo Squella. Adem\u00e1s, Jos\u00e9 Antonio Kast Adriasola, hijo del candidato presidencial republicano, se presentar\u00e1 a la C\u00e1mara por el Distrito 10.<\/p>\n<p>En cuanto a las elecciones parlamentarias, hay m\u00ednimos comunes que permiten unirse tanto al Congreso como en la carrera presidencial.<\/p>\n<p>Esta alianza significa que tanto Kast como Kaiser llegar\u00e1n a la primera vuelta para competir entre s\u00ed, pero con una \u00fanica lista para el Congreso.<\/p>\n","protected":false},"excerpt":{"rendered":"<p>El Partido Republicano y el Nacional Libertario (PNL) est\u00e1n cerca de concretar una alianza electoral para las elecciones 2024<\/p>\n","protected":false},"author":2,"featured_media":13087,"comment_status":"closed","ping_status":"open","sticky":false,"template":"","format":"standard","meta":{"_jetpack_memberships_contains_paid_content":false,"jnews-multi-image_gallery":[],"jnews_single_post":[],"jnews_primary_category":[],"jnews_social_meta":[],"jnews_paywall_metabox":[],"jnews_review":[],"enable_review":"","type":"","name":"","summary":"","brand":"","sku":"","good":[],"bad":[],"score_override":"","override_value":"","rating":[],"price":[],"jnews_override_counter":[],"jnews_post_split":[],"footnotes":""},"categories":[83],"tags":[],"class_list":["post-13088","post","type-post","status-publish","format-standard","has-post-thumbnail","hentry","category-politica"],"jetpack_featured_media_url":"https:\/\/laserenaradio.cl\/web\/wp-content\/uploads\/2025\/03\/homepiaiextractoscrapimg_webpKaiserpresidenciallistaArturoSquella_0.webp","jetpack_sharing_enabled":true,"_links":{"self":[{"href":"https:\/\/laserenaradio.cl\/web\/wp-json\/wp\/v2\/posts\/13088","targetHints":{"allow":["GET"]}}],"collection":[{"href":"https:\/\/laserenaradio.cl\/web\/wp-json\/wp\/v2\/posts"}],"about":[{"href":"https:\/\/laserenaradio.cl\/web\/wp-json\/wp\/v2\/types\/post"}],"author":[{"embeddable":true,"href":"https:\/\/laserenaradio.cl\/web\/wp-json\/wp\/v2\/users\/2"}],"replies":[{"embeddable":true,"href":"https:\/\/laserenaradio.cl\/web\/wp-json\/wp\/v2\/comments?post=13088"}],"version-history":[{"count":1,"href":"https:\/\/laserenaradio.cl\/web\/wp-json\/wp\/v2\/posts\/13088\/revisions"}],"predecessor-version":[{"id":13089,"href":"https:\/\/laserenaradio.cl\/web\/wp-json\/wp\/v2\/posts\/13088\/revisions\/13089"}],"wp:featuredmedia":[{"embeddable":true,"href":"https:\/\/laserenaradio.cl\/web\/wp-json\/wp\/v2\/media\/13087"}],"wp:attachment":[{"href":"https:\/\/laserenaradio.cl\/web\/wp-json\/wp\/v2\/media?parent=13088"}],"wp:term":[{"taxonomy":"category","embeddable":true,"href":"https:\/\/laserenaradio.cl\/web\/wp-json\/wp\/v2\/categories?post=13088"},{"taxonomy":"post_tag","embeddable":true,"href":"https:\/\/laserenaradio.cl\/web\/wp-json\/wp\/v2\/tags?post=13088"}],"curies":[{"name":"wp","href":"https:\/\/api.w.org\/{rel}","templated":true}]}}