{"id":13067,"date":"2025-03-12T10:38:39","date_gmt":"2025-03-12T13:38:39","guid":{"rendered":"https:\/\/laserenaradio.cl\/web\/?p=13067"},"modified":"2025-03-12T10:38:39","modified_gmt":"2025-03-12T13:38:39","slug":"la-moneda-busca-renovacion-y-estabilidad-ante-renuncias-y-cambios-ministeriales","status":"publish","type":"post","link":"https:\/\/laserenaradio.cl\/web\/2025\/03\/12\/la-moneda-busca-renovacion-y-estabilidad-ante-renuncias-y-cambios-ministeriales\/","title":{"rendered":"La Moneda busca renovaci\u00f3n y estabilidad ante renuncias y cambios ministeriales"},"content":{"rendered":"<p><b>La renuncia de dos ministras y del jefe de asesores del Segundo Piso de La Moneda se percibe como una p\u00e9rdida de control de la agenda, aunque desde el gobierno se ve como un acto de renovaci\u00f3n en su \u00faltimo a\u00f1o de administraci\u00f3n<\/b><!--more-->.<\/p>\n<p>Maya Fern\u00e1ndez, la ex titular de Defensa, abandona su cargo buscando olvidar esc\u00e1ndalos recientes como la fallida compra de la casa de Salvador Allende y las controversias con Miguel Crispi, el ex jefe de asesores.<\/p>\n<p>El gobierno se centra en debates importantes, como el aborto y la eutanasia, mientras eval\u00faa el factor electoral con la candidatura de Carolina Toh\u00e1, quien recientemente dej\u00f3 su cargo.<\/p>\n<p>Para mantener la cohesi\u00f3n del equipo, se incorporan nuevos rostros: Adriana Delpiano asume Defensa; \u00c1lvaro Elizalde toma la Segpres y el <a href=\"https:\/\/www.interior.gob.cl\/\">Ministerio del Interior<\/a>, y Felipe Melo llega al Segundo Piso.<\/p>\n<p>Este cambio de mando provoca incertidumbre sobre futuras movidas en el gobierno, especialmente con Jeannette Jara, quien podr\u00eda postularse como candidata presidencial del Partido Comunista.<\/p>\n<p>Ais\u00e9n Etcheverry, ministra vocera, indica que las decisiones son din\u00e1micas y no puede confirmar cambios a corto plazo.<\/p>\n<p>Jeannette Jara, actual ministra del Trabajo, expresa su preocupaci\u00f3n por la implementaci\u00f3n de la reforma de pensiones y el fortalecimiento del empleo.<\/p>\n<p>Sobre candidaturas futuras, dice esperar que las discusiones pol\u00edticas se concreten antes de pronunciarse.<\/p>\n<p>Con estas renuncias y nuevas incorporaciones, el gobierno busca renovar su alianza para los debates m\u00e1s relevantes y las elecciones venideras.<\/p>\n","protected":false},"excerpt":{"rendered":"<p>La renuncia de dos ministras y del jefe de asesores del Segundo Piso de La Moneda se percibe como una p\u00e9rdida de control de la agenda, aunque desde el gobierno se ve como un acto de renovaci\u00f3n en su \u00faltimo a\u00f1o de administraci\u00f3n<\/p>\n","protected":false},"author":2,"featured_media":13066,"comment_status":"closed","ping_status":"open","sticky":false,"template":"","format":"standard","meta":{"_jetpack_memberships_contains_paid_content":false,"jnews-multi-image_gallery":[],"jnews_single_post":[],"jnews_primary_category":[],"jnews_social_meta":[],"jnews_paywall_metabox":[],"jnews_review":[],"enable_review":"","type":"","name":"","summary":"","brand":"","sku":"","good":[],"bad":[],"score_override":"","override_value":"","rating":[],"price":[],"jnews_override_counter":[],"jnews_post_split":[],"footnotes":""},"categories":[83],"tags":[],"class_list":["post-13067","post","type-post","status-publish","format-standard","has-post-thumbnail","hentry","category-politica"],"jetpack_featured_media_url":"https:\/\/laserenaradio.cl\/web\/wp-content\/uploads\/2025\/03\/homepiaiextractoscrapimg_predeterminadalaserenaradio_nacional-17.webp","jetpack_sharing_enabled":true,"_links":{"self":[{"href":"https:\/\/laserenaradio.cl\/web\/wp-json\/wp\/v2\/posts\/13067","targetHints":{"allow":["GET"]}}],"collection":[{"href":"https:\/\/laserenaradio.cl\/web\/wp-json\/wp\/v2\/posts"}],"about":[{"href":"https:\/\/laserenaradio.cl\/web\/wp-json\/wp\/v2\/types\/post"}],"author":[{"embeddable":true,"href":"https:\/\/laserenaradio.cl\/web\/wp-json\/wp\/v2\/users\/2"}],"replies":[{"embeddable":true,"href":"https:\/\/laserenaradio.cl\/web\/wp-json\/wp\/v2\/comments?post=13067"}],"version-history":[{"count":1,"href":"https:\/\/laserenaradio.cl\/web\/wp-json\/wp\/v2\/posts\/13067\/revisions"}],"predecessor-version":[{"id":13068,"href":"https:\/\/laserenaradio.cl\/web\/wp-json\/wp\/v2\/posts\/13067\/revisions\/13068"}],"wp:featuredmedia":[{"embeddable":true,"href":"https:\/\/laserenaradio.cl\/web\/wp-json\/wp\/v2\/media\/13066"}],"wp:attachment":[{"href":"https:\/\/laserenaradio.cl\/web\/wp-json\/wp\/v2\/media?parent=13067"}],"wp:term":[{"taxonomy":"category","embeddable":true,"href":"https:\/\/laserenaradio.cl\/web\/wp-json\/wp\/v2\/categories?post=13067"},{"taxonomy":"post_tag","embeddable":true,"href":"https:\/\/laserenaradio.cl\/web\/wp-json\/wp\/v2\/tags?post=13067"}],"curies":[{"name":"wp","href":"https:\/\/api.w.org\/{rel}","templated":true}]}}