{"id":13058,"date":"2025-03-11T21:22:55","date_gmt":"2025-03-12T00:22:55","guid":{"rendered":"https:\/\/laserenaradio.cl\/web\/?p=13058"},"modified":"2025-03-11T21:22:55","modified_gmt":"2025-03-12T00:22:55","slug":"camila-vallejo-denuncia-violencia-y-maldad-de-diputados-que-intentaron-censurar-a-karol-cariola","status":"publish","type":"post","link":"https:\/\/laserenaradio.cl\/web\/2025\/03\/11\/camila-vallejo-denuncia-violencia-y-maldad-de-diputados-que-intentaron-censurar-a-karol-cariola\/","title":{"rendered":"Camila Vallejo denuncia violencia y maldad de diputados que intentaron censurar a Karol Cariola"},"content":{"rendered":"<p><b>En su cuenta de X, la ministra Camila Vallejo se pronunci\u00f3 sobre la moci\u00f3n de censura en contra de la diputada Karol Cariola, que result\u00f3 rechazada con 72 votos en contra y 51 a favor<\/b><!--more-->.<\/p>\n<p>Vallejo, quien est\u00e1 disfrutando su postnatal, subray\u00f3 la importancia hist\u00f3rica del luchar por los derechos femeninos y defendi\u00e9ndolos. &#8220;A las mujeres nos ha tocado luchar y protegernos constantemente&#8221;, indic\u00f3. Destac\u00f3 que traer un beb\u00e9 al mundo es &#8220;un proceso extremadamente intenso, doloroso y fr\u00e1gil&#8221;.<\/p>\n<p>Por ello, resalt\u00f3 la importancia de garantizar a las madres seguridad, empat\u00eda, apoyo y tranquilidad durante este per\u00edodo cr\u00edtico. Vallejo expres\u00f3 su compromiso con el establecimiento del pre y postnatal en Chile.<\/p>\n<p>Vallejo calific\u00f3 como &#8220;ins\u00f3lito&#8221; y &#8220;violento&#8221; que se cuestione la necesidad de que ciertos diputados busquen interrumpir un derecho tan fundamental, exponiendo a Karol Cariola durante su postnatal. Pregunt\u00f3 si se trata de &#8220;ignorancia&#8221;, &#8220;indolencia&#8221; o &#8220;sencillamente maldad&#8221;.<\/p>\n<p>Sostuvo que se siente molesta por la actitud que muestra el cuestionamiento de madres en pol\u00edtica, y se\u00f1al\u00f3 que a menudo se les hace sentir inc\u00f3modas al ver un beb\u00e9 con una mujer. Adem\u00e1s, Vallejo enfatiz\u00f3 que &#8220;a veces parece que vivimos en un mundo al rev\u00e9s donde las mujeres debemos pedir disculpas por estar con nuestros hijos&#8221;.<\/p>\n<p>Subray\u00f3 su compromiso de seguir luchando para tener dignidad y cerr\u00f3 con un abrazo fraterno a la diputada Cariola.<\/p>\n","protected":false},"excerpt":{"rendered":"<p>En su cuenta de X, la ministra Camila Vallejo se pronunci\u00f3 sobre la moci\u00f3n de censura en contra de la diputada Karol Cariola, que result\u00f3 rechazada con 72 votos en contra y 51 a favor<\/p>\n","protected":false},"author":2,"featured_media":13057,"comment_status":"closed","ping_status":"open","sticky":false,"template":"","format":"standard","meta":{"_jetpack_memberships_contains_paid_content":false,"jnews-multi-image_gallery":[],"jnews_single_post":[],"jnews_primary_category":[],"jnews_social_meta":[],"jnews_paywall_metabox":[],"jnews_review":[],"enable_review":"","type":"","name":"","summary":"","brand":"","sku":"","good":[],"bad":[],"score_override":"","override_value":"","rating":[],"price":[],"jnews_override_counter":[],"jnews_post_split":[],"footnotes":""},"categories":[83],"tags":[],"class_list":["post-13058","post","type-post","status-publish","format-standard","has-post-thumbnail","hentry","category-politica"],"jetpack_featured_media_url":"https:\/\/laserenaradio.cl\/web\/wp-content\/uploads\/2025\/03\/homepiaiextractoscrapimg_webpVallejopostnatalministraCamilaVallejo_0.webp","jetpack_sharing_enabled":true,"_links":{"self":[{"href":"https:\/\/laserenaradio.cl\/web\/wp-json\/wp\/v2\/posts\/13058","targetHints":{"allow":["GET"]}}],"collection":[{"href":"https:\/\/laserenaradio.cl\/web\/wp-json\/wp\/v2\/posts"}],"about":[{"href":"https:\/\/laserenaradio.cl\/web\/wp-json\/wp\/v2\/types\/post"}],"author":[{"embeddable":true,"href":"https:\/\/laserenaradio.cl\/web\/wp-json\/wp\/v2\/users\/2"}],"replies":[{"embeddable":true,"href":"https:\/\/laserenaradio.cl\/web\/wp-json\/wp\/v2\/comments?post=13058"}],"version-history":[{"count":1,"href":"https:\/\/laserenaradio.cl\/web\/wp-json\/wp\/v2\/posts\/13058\/revisions"}],"predecessor-version":[{"id":13059,"href":"https:\/\/laserenaradio.cl\/web\/wp-json\/wp\/v2\/posts\/13058\/revisions\/13059"}],"wp:featuredmedia":[{"embeddable":true,"href":"https:\/\/laserenaradio.cl\/web\/wp-json\/wp\/v2\/media\/13057"}],"wp:attachment":[{"href":"https:\/\/laserenaradio.cl\/web\/wp-json\/wp\/v2\/media?parent=13058"}],"wp:term":[{"taxonomy":"category","embeddable":true,"href":"https:\/\/laserenaradio.cl\/web\/wp-json\/wp\/v2\/categories?post=13058"},{"taxonomy":"post_tag","embeddable":true,"href":"https:\/\/laserenaradio.cl\/web\/wp-json\/wp\/v2\/tags?post=13058"}],"curies":[{"name":"wp","href":"https:\/\/api.w.org\/{rel}","templated":true}]}}