{"id":13045,"date":"2025-03-11T21:02:39","date_gmt":"2025-03-12T00:02:39","guid":{"rendered":"https:\/\/laserenaradio.cl\/web\/?p=13045"},"modified":"2025-03-11T21:02:39","modified_gmt":"2025-03-12T00:02:39","slug":"el-presidente-boric-aborda-criticas-y-enfatiza-avances-para-chile","status":"publish","type":"post","link":"https:\/\/laserenaradio.cl\/web\/2025\/03\/11\/el-presidente-boric-aborda-criticas-y-enfatiza-avances-para-chile\/","title":{"rendered":"El presidente Boric aborda cr\u00edticas y enfatiza avances para Chile"},"content":{"rendered":"<p><b>El presidente Gabriel Boric respondi\u00f3 a las cr\u00edticas de Evelyn Matthei, quien lo desafi\u00f3 a ser &#8220;m\u00e1s sincero&#8221; con los chilenos sobre el estado actual del pa\u00eds<\/b><!--more-->.<\/p>\n<p>Esta intervenci\u00f3n se produjo despu\u00e9s que Boric afirmara tener la &#8220;convicci\u00f3n de haber consolidado el orden y logrado avances para un Chile que ha sabido superar enormes desaf\u00edos&#8221;.<\/p>\n<p>En una conversaci\u00f3n con Radio Agricultura, el mandatario sostuvo que ha habido muchas mejoras desde su llegada a La Moneda. Destac\u00f3 la situaci\u00f3n del pa\u00eds al inicio de su gobierno, descrito como &#8220;quebrado socialmente&#8221; y con un &#8220;manejo fiscal muy malo&#8221;.<\/p>\n<p>Aunque reconoci\u00f3 los desaf\u00edos, afirm\u00f3: &#8220;Hemos avanzado en la direcci\u00f3n correcta, pero eso no es suficiente para los ciudadanos&#8221;. Boric enfatiz\u00f3 que a la ciudadan\u00eda le importa m\u00e1s la seguridad y el bienestar econ\u00f3mico. Expres\u00f3 que &#8220;la situaci\u00f3n a fin de mes sea mejor&#8221; y que &#8220;la econom\u00eda sea m\u00e1s din\u00e1mica&#8221;. Enfatiz\u00f3: &#8220;Yo tengo la convicci\u00f3n que estamos avanzando en la direcci\u00f3n correcta&#8221;, agregando que no se preocupa por su disputa pol\u00edtica con Matthei, ya que cree que esto solo les da &#8220;lata&#8221; a los ciudadanos.<\/p>\n","protected":false},"excerpt":{"rendered":"<p>El presidente Gabriel Boric respondi\u00f3 a las cr\u00edticas de Evelyn Matthei, quien lo desafi\u00f3 a ser &#8220;m\u00e1s sincero&#8221; con los chilenos sobre el estado actual del pa\u00eds<\/p>\n","protected":false},"author":2,"featured_media":13044,"comment_status":"closed","ping_status":"open","sticky":false,"template":"","format":"standard","meta":{"_jetpack_memberships_contains_paid_content":false,"jnews-multi-image_gallery":[],"jnews_single_post":[],"jnews_primary_category":[],"jnews_social_meta":[],"jnews_paywall_metabox":[],"jnews_review":[],"enable_review":"","type":"","name":"","summary":"","brand":"","sku":"","good":[],"bad":[],"score_override":"","override_value":"","rating":[],"price":[],"jnews_override_counter":[],"jnews_post_split":[],"footnotes":""},"categories":[83],"tags":[],"class_list":["post-13045","post","type-post","status-publish","format-standard","has-post-thumbnail","hentry","category-politica"],"jetpack_featured_media_url":"https:\/\/laserenaradio.cl\/web\/wp-content\/uploads\/2025\/03\/homepiaiextractoscrapimg_webppresidenteBoricavancesGabrielBoric_0.webp","jetpack_sharing_enabled":true,"_links":{"self":[{"href":"https:\/\/laserenaradio.cl\/web\/wp-json\/wp\/v2\/posts\/13045","targetHints":{"allow":["GET"]}}],"collection":[{"href":"https:\/\/laserenaradio.cl\/web\/wp-json\/wp\/v2\/posts"}],"about":[{"href":"https:\/\/laserenaradio.cl\/web\/wp-json\/wp\/v2\/types\/post"}],"author":[{"embeddable":true,"href":"https:\/\/laserenaradio.cl\/web\/wp-json\/wp\/v2\/users\/2"}],"replies":[{"embeddable":true,"href":"https:\/\/laserenaradio.cl\/web\/wp-json\/wp\/v2\/comments?post=13045"}],"version-history":[{"count":1,"href":"https:\/\/laserenaradio.cl\/web\/wp-json\/wp\/v2\/posts\/13045\/revisions"}],"predecessor-version":[{"id":13046,"href":"https:\/\/laserenaradio.cl\/web\/wp-json\/wp\/v2\/posts\/13045\/revisions\/13046"}],"wp:featuredmedia":[{"embeddable":true,"href":"https:\/\/laserenaradio.cl\/web\/wp-json\/wp\/v2\/media\/13044"}],"wp:attachment":[{"href":"https:\/\/laserenaradio.cl\/web\/wp-json\/wp\/v2\/media?parent=13045"}],"wp:term":[{"taxonomy":"category","embeddable":true,"href":"https:\/\/laserenaradio.cl\/web\/wp-json\/wp\/v2\/categories?post=13045"},{"taxonomy":"post_tag","embeddable":true,"href":"https:\/\/laserenaradio.cl\/web\/wp-json\/wp\/v2\/tags?post=13045"}],"curies":[{"name":"wp","href":"https:\/\/api.w.org\/{rel}","templated":true}]}}