{"id":13042,"date":"2025-03-11T20:59:20","date_gmt":"2025-03-11T23:59:20","guid":{"rendered":"https:\/\/laserenaradio.cl\/web\/?p=13042"},"modified":"2025-03-11T20:59:20","modified_gmt":"2025-03-11T23:59:20","slug":"el-frente-amplio-respalda-la-salida-del-jefe-de-asesores-miguel-crispi","status":"publish","type":"post","link":"https:\/\/laserenaradio.cl\/web\/2025\/03\/11\/el-frente-amplio-respalda-la-salida-del-jefe-de-asesores-miguel-crispi\/","title":{"rendered":"El Frente Amplio respalda la salida del jefe de asesores Miguel Crispi"},"content":{"rendered":"<p><b>La presidenta del Frente Amplio, Constanza Mart\u00ednez, abord\u00f3 la salida del jefe de asesores del Segundo Piso, Miguel Crispi, tras pol\u00e9micas relacionadas con el caso Convenios y Monsalve<\/b><!--more-->.<\/p>\n<p>En una conversaci\u00f3n con Radio Pauta, se\u00f1al\u00f3 que Crispi es &#8220;una persona muy importante para el partido&#8221;, pero enfatiz\u00f3 la necesidad de flexibilidad en los momentos cr\u00edticos.<\/p>\n<p>Mart\u00ednez plante\u00f3 que es &#8220;razonable&#8221; que el Presidente Boric configure su equipo para el \u00faltimo a\u00f1o de Gobierno, tomando en cuenta los conflictos que hab\u00edan surcado las agendas. Agradeci\u00f3 el trabajo y compromiso de Crispi, al mismo tiempo que expres\u00f3 respeto por la decisi\u00f3n del Presidente.<\/p>\n<p>Asimismo, se refiri\u00f3 a las cr\u00edticas constantes recibidas por Crispi, argumentando que en cada coyuntura propuesta por la oposici\u00f3n suele ser &#8220;sacar a personas de su cargo&#8221;.<\/p>\n<p>Mart\u00ednez destac\u00f3 que el Frente Amplio considera m\u00e1s importante la contribuci\u00f3n al avance en los temas reales para las personas. Enfatiz\u00f3 que Crispi y otros colaboradores del proyecto tienen claridad sobre esto, valorando as\u00ed su labor.<\/p>\n","protected":false},"excerpt":{"rendered":"<p>La presidenta del Frente Amplio, Constanza Mart\u00ednez, abord\u00f3 la salida del jefe de asesores del Segundo Piso, Miguel Crispi, tras pol\u00e9micas relacionadas con el caso Convenios y Monsalve<\/p>\n","protected":false},"author":2,"featured_media":13041,"comment_status":"closed","ping_status":"open","sticky":false,"template":"","format":"standard","meta":{"_jetpack_memberships_contains_paid_content":false,"jnews-multi-image_gallery":[],"jnews_single_post":[],"jnews_primary_category":[],"jnews_social_meta":[],"jnews_paywall_metabox":[],"jnews_review":[],"enable_review":"","type":"","name":"","summary":"","brand":"","sku":"","good":[],"bad":[],"score_override":"","override_value":"","rating":[],"price":[],"jnews_override_counter":[],"jnews_post_split":[],"footnotes":""},"categories":[83],"tags":[],"class_list":["post-13042","post","type-post","status-publish","format-standard","has-post-thumbnail","hentry","category-politica"],"jetpack_featured_media_url":"https:\/\/laserenaradio.cl\/web\/wp-content\/uploads\/2025\/03\/homepiaiextractoscrapimg_webpCrispiFrenteAmpliosalidajefe_1.webp","jetpack_sharing_enabled":true,"_links":{"self":[{"href":"https:\/\/laserenaradio.cl\/web\/wp-json\/wp\/v2\/posts\/13042","targetHints":{"allow":["GET"]}}],"collection":[{"href":"https:\/\/laserenaradio.cl\/web\/wp-json\/wp\/v2\/posts"}],"about":[{"href":"https:\/\/laserenaradio.cl\/web\/wp-json\/wp\/v2\/types\/post"}],"author":[{"embeddable":true,"href":"https:\/\/laserenaradio.cl\/web\/wp-json\/wp\/v2\/users\/2"}],"replies":[{"embeddable":true,"href":"https:\/\/laserenaradio.cl\/web\/wp-json\/wp\/v2\/comments?post=13042"}],"version-history":[{"count":1,"href":"https:\/\/laserenaradio.cl\/web\/wp-json\/wp\/v2\/posts\/13042\/revisions"}],"predecessor-version":[{"id":13043,"href":"https:\/\/laserenaradio.cl\/web\/wp-json\/wp\/v2\/posts\/13042\/revisions\/13043"}],"wp:featuredmedia":[{"embeddable":true,"href":"https:\/\/laserenaradio.cl\/web\/wp-json\/wp\/v2\/media\/13041"}],"wp:attachment":[{"href":"https:\/\/laserenaradio.cl\/web\/wp-json\/wp\/v2\/media?parent=13042"}],"wp:term":[{"taxonomy":"category","embeddable":true,"href":"https:\/\/laserenaradio.cl\/web\/wp-json\/wp\/v2\/categories?post=13042"},{"taxonomy":"post_tag","embeddable":true,"href":"https:\/\/laserenaradio.cl\/web\/wp-json\/wp\/v2\/tags?post=13042"}],"curies":[{"name":"wp","href":"https:\/\/api.w.org\/{rel}","templated":true}]}}