{"id":13039,"date":"2025-03-11T12:51:45","date_gmt":"2025-03-11T15:51:45","guid":{"rendered":"https:\/\/laserenaradio.cl\/web\/?p=13039"},"modified":"2025-03-11T12:51:45","modified_gmt":"2025-03-11T15:51:45","slug":"elizalde-defiende-al-exministro-maya-fernandez-y-al-jefe-de-asesores-miguel-crispi","status":"publish","type":"post","link":"https:\/\/laserenaradio.cl\/web\/2025\/03\/11\/elizalde-defiende-al-exministro-maya-fernandez-y-al-jefe-de-asesores-miguel-crispi\/","title":{"rendered":"Elizalde defiende al exministro Maya Fern\u00e1ndez y al jefe de Asesores Miguel Crispi"},"content":{"rendered":"<p><b>El ministro del Interior, \u00c1lvaro Elizalde, analiz\u00f3 las salidas de alta nivel en su ministerio, incluyendo la ministra de Defensa, Maya Fern\u00e1ndez, y el jefe de asesores del Segundo Piso, Miguel Crispi<\/b><!--more-->.<\/p>\n<p>Estos cambios ocurren justamente tres a\u00f1os despu\u00e9s del inicio del Gobierno del Presidente Gabriel Boric.<\/p>\n<p>En una entrevista con Radio Duna, Elizalde explic\u00f3 que la renuncia de Fern\u00e1ndez se produjo poco antes de la presentaci\u00f3n de una acusaci\u00f3n constitucional en su contra. Esta acusaci\u00f3n, relacionada con la fallida compra de la casa del expresidente Salvador Allende, fue calificada por el secretario de Estado como &#8220;una mala se\u00f1al&#8221;, ya que desvi\u00f3 la atenci\u00f3n de legisladores hacia un tema in\u00fatil.<\/p>\n<p>El ministro tambi\u00e9n expres\u00f3 su preocupaci\u00f3n sobre el impacto de esta acusaci\u00f3n en el rendimiento legislativo del pa\u00eds. Asegur\u00f3 que el Gobierno est\u00e1 trabajando para proteger el patrimonio hist\u00f3rico, pero la forma en que se manej\u00f3 el caso llev\u00f3 a un resultado negativo.<\/p>\n<p>Sobre la salida del jefe de asesores, Miguel Crispi, Elizalde defendi\u00f3 su desempe\u00f1o y se\u00f1al\u00f3 que fue objeto de cr\u00edticas injustas. Seg\u00fan \u00e9l, Crispi hab\u00eda sido acusado de responder a preguntas que estaban fuera de su \u00e1mbito de responsabilidad durante una tensa sesi\u00f3n de la comisi\u00f3n investigadora del caso Monsalve.<\/p>\n<p>Estos cambios reflejan el enfoque actual del Gobierno en mantener la integridad y eficiencia administrativa, as\u00ed como en superar los desaf\u00edos legales que podr\u00edan comprometer su labor.<\/p>\n","protected":false},"excerpt":{"rendered":"<p>El ministro del Interior, \u00c1lvaro Elizalde, analiz\u00f3 las salidas de alta nivel en su ministerio, incluyendo la ministra de Defensa, Maya Fern\u00e1ndez, y el jefe de asesores del Segundo Piso, Miguel Crispi<\/p>\n","protected":false},"author":2,"featured_media":13038,"comment_status":"closed","ping_status":"open","sticky":false,"template":"","format":"standard","meta":{"_jetpack_memberships_contains_paid_content":false,"jnews-multi-image_gallery":[],"jnews_single_post":[],"jnews_primary_category":[],"jnews_social_meta":[],"jnews_paywall_metabox":[],"jnews_review":[],"enable_review":"","type":"","name":"","summary":"","brand":"","sku":"","good":[],"bad":[],"score_override":"","override_value":"","rating":[],"price":[],"jnews_override_counter":[],"jnews_post_split":[],"footnotes":""},"categories":[83],"tags":[],"class_list":["post-13039","post","type-post","status-publish","format-standard","has-post-thumbnail","hentry","category-politica"],"jetpack_featured_media_url":"https:\/\/laserenaradio.cl\/web\/wp-content\/uploads\/2025\/03\/homepiaiextractoscrapimg_webpElizaldejefeGobiernoministro_0.webp","jetpack_sharing_enabled":true,"_links":{"self":[{"href":"https:\/\/laserenaradio.cl\/web\/wp-json\/wp\/v2\/posts\/13039","targetHints":{"allow":["GET"]}}],"collection":[{"href":"https:\/\/laserenaradio.cl\/web\/wp-json\/wp\/v2\/posts"}],"about":[{"href":"https:\/\/laserenaradio.cl\/web\/wp-json\/wp\/v2\/types\/post"}],"author":[{"embeddable":true,"href":"https:\/\/laserenaradio.cl\/web\/wp-json\/wp\/v2\/users\/2"}],"replies":[{"embeddable":true,"href":"https:\/\/laserenaradio.cl\/web\/wp-json\/wp\/v2\/comments?post=13039"}],"version-history":[{"count":1,"href":"https:\/\/laserenaradio.cl\/web\/wp-json\/wp\/v2\/posts\/13039\/revisions"}],"predecessor-version":[{"id":13040,"href":"https:\/\/laserenaradio.cl\/web\/wp-json\/wp\/v2\/posts\/13039\/revisions\/13040"}],"wp:featuredmedia":[{"embeddable":true,"href":"https:\/\/laserenaradio.cl\/web\/wp-json\/wp\/v2\/media\/13038"}],"wp:attachment":[{"href":"https:\/\/laserenaradio.cl\/web\/wp-json\/wp\/v2\/media?parent=13039"}],"wp:term":[{"taxonomy":"category","embeddable":true,"href":"https:\/\/laserenaradio.cl\/web\/wp-json\/wp\/v2\/categories?post=13039"},{"taxonomy":"post_tag","embeddable":true,"href":"https:\/\/laserenaradio.cl\/web\/wp-json\/wp\/v2\/tags?post=13039"}],"curies":[{"name":"wp","href":"https:\/\/api.w.org\/{rel}","templated":true}]}}