{"id":13033,"date":"2025-03-11T12:40:23","date_gmt":"2025-03-11T15:40:23","guid":{"rendered":"https:\/\/laserenaradio.cl\/web\/?p=13033"},"modified":"2025-03-11T12:40:23","modified_gmt":"2025-03-11T15:40:23","slug":"monica-arce-castro-debera-rendir-cuentas-por-no-someterse-a-prueba-de-drogas-en-el-congreso","status":"publish","type":"post","link":"https:\/\/laserenaradio.cl\/web\/2025\/03\/11\/monica-arce-castro-debera-rendir-cuentas-por-no-someterse-a-prueba-de-drogas-en-el-congreso\/","title":{"rendered":"M\u00f3nica Arce Castro deber\u00e1 rendir cuentas por no someterse a prueba de drogas en el Congreso"},"content":{"rendered":"<p><b>La diputada M\u00f3nica Arce Castro (IND) enfrenta investigaciones \u00e9ticas tras no cumplir con el test de drogas obligatorio en el Congreso<\/b><!--more-->.<\/p>\n<p>La parlamentaria fue derivada a la Comisi\u00f3n de \u00c9tica debido a su &#8220;no comparecencia al examen de Control de Consumo de Drogas&#8221; correspondiente al mes de noviembre del a\u00f1o pasado. Arce argument\u00f3 que no deseaba practicarse el test, lo que llev\u00f3 a los antecedentes a ser remitidos a la comisi\u00f3n para abordar el caso este martes.<\/p>\n<p>El reglamento interno del Congreso establece que todos sus miembros deben someterse a controles de pelo semestralmente. Esta medida se implement\u00f3 con el objetivo de &#8220;elevar los est\u00e1ndares de transparencia en la labor parlamentaria y evitar la comisi\u00f3n de delitos relacionados al narcotr\u00e1fico&#8221;.<\/p>\n<p>Hasta ahora, el \u00fanico diputado que ha dado positivo es Nelson Venegas (PS), quien en enero de 2024 admiti\u00f3 los resultados, atribuy\u00e9ndolo a un tratamiento para bajar de peso.<\/p>\n<p>Arce asegur\u00f3 que su no comparecencia se debi\u00f3 a &#8220;razones pol\u00edticas&#8221;, aunque evit\u00f3 ofrecer m\u00e1s detalles. &#8220;Las razones las hice llegar por escrito, como lo requiere el reglamento&#8221;, indic\u00f3 la representante del Distrito 12.<\/p>\n<p>Actualmente, Arce se encuentra fuera de Chile, representando al Congreso Nacional ante la ONU Mujeres, organismo con sede en New York, EEUU.<\/p>\n","protected":false},"excerpt":{"rendered":"<p>La diputada M\u00f3nica Arce Castro (IND) enfrenta investigaciones \u00e9ticas tras no cumplir con el test de drogas obligatorio en el Congreso<\/p>\n","protected":false},"author":2,"featured_media":13032,"comment_status":"closed","ping_status":"open","sticky":false,"template":"","format":"standard","meta":{"_jetpack_memberships_contains_paid_content":false,"jnews-multi-image_gallery":[],"jnews_single_post":[],"jnews_primary_category":[],"jnews_social_meta":[],"jnews_paywall_metabox":[],"jnews_review":[],"enable_review":"","type":"","name":"","summary":"","brand":"","sku":"","good":[],"bad":[],"score_override":"","override_value":"","rating":[],"price":[],"jnews_override_counter":[],"jnews_post_split":[],"footnotes":""},"categories":[83],"tags":[],"class_list":["post-13033","post","type-post","status-publish","format-standard","has-post-thumbnail","hentry","category-politica"],"jetpack_featured_media_url":"https:\/\/laserenaradio.cl\/web\/wp-content\/uploads\/2025\/03\/homepiaiextractoscrapimg_predeterminadalaserenaradio_politica-4.webp","jetpack_sharing_enabled":true,"_links":{"self":[{"href":"https:\/\/laserenaradio.cl\/web\/wp-json\/wp\/v2\/posts\/13033","targetHints":{"allow":["GET"]}}],"collection":[{"href":"https:\/\/laserenaradio.cl\/web\/wp-json\/wp\/v2\/posts"}],"about":[{"href":"https:\/\/laserenaradio.cl\/web\/wp-json\/wp\/v2\/types\/post"}],"author":[{"embeddable":true,"href":"https:\/\/laserenaradio.cl\/web\/wp-json\/wp\/v2\/users\/2"}],"replies":[{"embeddable":true,"href":"https:\/\/laserenaradio.cl\/web\/wp-json\/wp\/v2\/comments?post=13033"}],"version-history":[{"count":1,"href":"https:\/\/laserenaradio.cl\/web\/wp-json\/wp\/v2\/posts\/13033\/revisions"}],"predecessor-version":[{"id":13034,"href":"https:\/\/laserenaradio.cl\/web\/wp-json\/wp\/v2\/posts\/13033\/revisions\/13034"}],"wp:featuredmedia":[{"embeddable":true,"href":"https:\/\/laserenaradio.cl\/web\/wp-json\/wp\/v2\/media\/13032"}],"wp:attachment":[{"href":"https:\/\/laserenaradio.cl\/web\/wp-json\/wp\/v2\/media?parent=13033"}],"wp:term":[{"taxonomy":"category","embeddable":true,"href":"https:\/\/laserenaradio.cl\/web\/wp-json\/wp\/v2\/categories?post=13033"},{"taxonomy":"post_tag","embeddable":true,"href":"https:\/\/laserenaradio.cl\/web\/wp-json\/wp\/v2\/tags?post=13033"}],"curies":[{"name":"wp","href":"https:\/\/api.w.org\/{rel}","templated":true}]}}