{"id":13014,"date":"2025-03-11T10:48:38","date_gmt":"2025-03-11T13:48:38","guid":{"rendered":"https:\/\/laserenaradio.cl\/web\/?p=13014"},"modified":"2025-03-11T10:48:38","modified_gmt":"2025-03-11T13:48:38","slug":"el-exministro-del-interior-andres-chadwick-da-declaracion-ante-fiscal-nacional-por-caso-penta","status":"publish","type":"post","link":"https:\/\/laserenaradio.cl\/web\/2025\/03\/11\/el-exministro-del-interior-andres-chadwick-da-declaracion-ante-fiscal-nacional-por-caso-penta\/","title":{"rendered":"El exministro del Interior Andr\u00e9s Chadwick da declaraci\u00f3n ante Fiscal Nacional por Caso Penta"},"content":{"rendered":"<p><b>El exministro del Interior Andr\u00e9s Chadwick prest\u00f3 declaraci\u00f3n en la <a href=\"https:\/\/www.fiscaliadechile.cl\/\">Fiscal\u00eda<\/a> Nacional como parte de las investigaciones relacionadas con el Caso Audio, una arista crucial del Caso Penta<\/b><!--more-->.<\/p>\n<p>Este caso involucra al exfiscal Manuel Guerra, quien est\u00e1 siendo investigado por el Ministerio P\u00fablico por supuestas conversaciones comprometidas con Luis Hermosilla, imputado por delitos tributarios, soborno y lavado de activos en septiembre de 2016.<\/p>\n<p>Seg\u00fan informes de Ciper, Hermosilla habr\u00eda contactado al expersecutor a trav\u00e9s de un intermediario llamado \u201cAndr\u00e9s\u201d, identificado como Chadwick. Durante la diligencia realizada el lunes por la tarde, que dur\u00f3 casi tres horas, el exministro colabor\u00f3 con la investigaci\u00f3n a solicitud del fiscal regional Mario Carrera.<\/p>\n<p>En octubre del a\u00f1o pasado, Guerra hab\u00eda rechazado las acusaciones de su presunta vinculaci\u00f3n con el Caso Penta, calific\u00e1ndolas como \u201cabsolutamente falsas\u201d.<\/p>\n<p>En un comunicado p\u00fablico, Chadwick subray\u00f3 que nunca intervino en investigaciones ni decisiones de Guerra. Asegur\u00f3 que las conversaciones filtradas son &#8220;temerarias afirmaciones&#8221; sin fundamento.<\/p>\n<p>El Caso Penta comenz\u00f3 en 2014 con la investigaci\u00f3n del financiamiento ilegal atribuido a Penta y que incluye un contrato adulterado para apoyar la campa\u00f1a presidencial de Sebasti\u00e1n Pi\u00f1era en 2009.<\/p>\n","protected":false},"excerpt":{"rendered":"<p>El exministro del Interior Andr\u00e9s Chadwick prest\u00f3 declaraci\u00f3n en la Fiscal\u00eda Nacional como parte de las investigaciones relacionadas con el Caso Audio, una arista crucial del Caso Penta<\/p>\n","protected":false},"author":2,"featured_media":13013,"comment_status":"closed","ping_status":"open","sticky":false,"template":"","format":"standard","meta":{"_jetpack_memberships_contains_paid_content":false,"jnews-multi-image_gallery":[],"jnews_single_post":[],"jnews_primary_category":[],"jnews_social_meta":[],"jnews_paywall_metabox":[],"jnews_review":[],"enable_review":"","type":"","name":"","summary":"","brand":"","sku":"","good":[],"bad":[],"score_override":"","override_value":"","rating":[],"price":[],"jnews_override_counter":[],"jnews_post_split":[],"footnotes":""},"categories":[83],"tags":[],"class_list":["post-13014","post","type-post","status-publish","format-standard","has-post-thumbnail","hentry","category-politica"],"jetpack_featured_media_url":"https:\/\/laserenaradio.cl\/web\/wp-content\/uploads\/2025\/03\/homepiaiextractoscrapimg_webpChadwickexministroCasoPentaInterior_0.webp","jetpack_sharing_enabled":true,"_links":{"self":[{"href":"https:\/\/laserenaradio.cl\/web\/wp-json\/wp\/v2\/posts\/13014","targetHints":{"allow":["GET"]}}],"collection":[{"href":"https:\/\/laserenaradio.cl\/web\/wp-json\/wp\/v2\/posts"}],"about":[{"href":"https:\/\/laserenaradio.cl\/web\/wp-json\/wp\/v2\/types\/post"}],"author":[{"embeddable":true,"href":"https:\/\/laserenaradio.cl\/web\/wp-json\/wp\/v2\/users\/2"}],"replies":[{"embeddable":true,"href":"https:\/\/laserenaradio.cl\/web\/wp-json\/wp\/v2\/comments?post=13014"}],"version-history":[{"count":1,"href":"https:\/\/laserenaradio.cl\/web\/wp-json\/wp\/v2\/posts\/13014\/revisions"}],"predecessor-version":[{"id":13015,"href":"https:\/\/laserenaradio.cl\/web\/wp-json\/wp\/v2\/posts\/13014\/revisions\/13015"}],"wp:featuredmedia":[{"embeddable":true,"href":"https:\/\/laserenaradio.cl\/web\/wp-json\/wp\/v2\/media\/13013"}],"wp:attachment":[{"href":"https:\/\/laserenaradio.cl\/web\/wp-json\/wp\/v2\/media?parent=13014"}],"wp:term":[{"taxonomy":"category","embeddable":true,"href":"https:\/\/laserenaradio.cl\/web\/wp-json\/wp\/v2\/categories?post=13014"},{"taxonomy":"post_tag","embeddable":true,"href":"https:\/\/laserenaradio.cl\/web\/wp-json\/wp\/v2\/tags?post=13014"}],"curies":[{"name":"wp","href":"https:\/\/api.w.org\/{rel}","templated":true}]}}