{"id":13000,"date":"2025-03-11T10:08:44","date_gmt":"2025-03-11T13:08:44","guid":{"rendered":"https:\/\/laserenaradio.cl\/web\/?p=13000"},"modified":"2025-03-11T10:08:44","modified_gmt":"2025-03-11T13:08:44","slug":"gabriel-boric-celebra-inicio-del-ultimo-ano-de-gobierno-con-un-terremoto-politico-al-fondo","status":"publish","type":"post","link":"https:\/\/laserenaradio.cl\/web\/2025\/03\/11\/gabriel-boric-celebra-inicio-del-ultimo-ano-de-gobierno-con-un-terremoto-politico-al-fondo\/","title":{"rendered":"Gabriel Boric celebra inicio del \u00faltimo a\u00f1o de gobierno con un terremoto pol\u00edtico al fondo"},"content":{"rendered":"<p><b>Gabriel Boric celebra inicio de \u00faltimo a\u00f1o de gobierno desde cerro San Crist\u00f3bal. El presidente Gabriel Boric comparti\u00f3 una fotograf\u00eda en el cerro San Crist\u00f3bal, lugar tradicionalmente utilizado para la relajaci\u00f3n por los santiaguinos, donde celebr\u00f3 el comienzo del \u00faltimo a\u00f1o de su administraci\u00f3n<\/b><!--more-->.<\/p>\n<p>En las redes sociales, Boric subi\u00f3 una imagen de s\u00ed mismo con su bicicleta, acompa\u00f1ada de la frase: &#8220;11 de Marzo del 2025. \u00daltimo a\u00f1o de gobierno. A\u00f1o de Violeta. Vamos con todo&#8221;, expresando optimismo y determinaci\u00f3n para los meses restantes.<\/p>\n<p>La celebraci\u00f3n del presidente llega en un contexto pol\u00edtico desafiante, marcado por el terremoto pol\u00edtico que azot\u00f3 su administraci\u00f3n tras la salida de dos figuras clave: Maya Fern\u00e1ndez, ministra de Defensa, y Miguel Crispi, jefe de asesores de La Moneda.<\/p>\n<p>Maya Fern\u00e1ndez se vio envuelta en un esc\u00e1ndalo relacionado con el fallido trato por una casa millonaria legada por su abuelo, Salvador Allende, cuestionamiento que deriv\u00f3 en la p\u00e9rdida de su cargo y una investigaci\u00f3n del Ministerio P\u00fablico acus\u00e1ndola de fraude al fisco.<\/p>\n<p>Asimismo, enfrenta una Acusaci\u00f3n Constitucional en el Congreso impulsada por la bancada Republicanos.<\/p>\n<p>La salida de Miguel Crispi se dio en medio de duras cr\u00edticas por su rol en los casos Convenios y Monsalve. Su \u00faltima participaci\u00f3n p\u00fablica fue en la Comisi\u00f3n Especial Investigadora del esc\u00e1ndalo derivado de una denuncia de violaci\u00f3n contra el exsubsecretario del Interior.<\/p>\n<p>A pesar de estos desaf\u00edos, Boric mantiene una actitud positiva hacia los meses restantes de su mandato, destacando las oportunidades para seguir avanzando en los objetivos propuestos y mostr\u00e1ndose firme en sus compromisos.<\/p>\n","protected":false},"excerpt":{"rendered":"<p>Gabriel Boric celebra inicio de \u00faltimo a\u00f1o de gobierno desde cerro San Crist\u00f3bal. El presidente Gabriel Boric comparti\u00f3 una fotograf\u00eda en el cerro San Crist\u00f3bal, lugar tradicionalmente utilizado para la relajaci\u00f3n por los santiaguinos, donde celebr\u00f3 el comienzo del \u00faltimo a\u00f1o de su administraci\u00f3n<\/p>\n","protected":false},"author":2,"featured_media":12999,"comment_status":"closed","ping_status":"open","sticky":false,"template":"","format":"standard","meta":{"_jetpack_memberships_contains_paid_content":false,"jnews-multi-image_gallery":[],"jnews_single_post":[],"jnews_primary_category":[],"jnews_social_meta":[],"jnews_paywall_metabox":[],"jnews_review":[],"enable_review":"","type":"","name":"","summary":"","brand":"","sku":"","good":[],"bad":[],"score_override":"","override_value":"","rating":[],"price":[],"jnews_override_counter":[],"jnews_post_split":[],"footnotes":""},"categories":[83],"tags":[],"class_list":["post-13000","post","type-post","status-publish","format-standard","has-post-thumbnail","hentry","category-politica"],"jetpack_featured_media_url":"https:\/\/laserenaradio.cl\/web\/wp-content\/uploads\/2025\/03\/homepiaiextractoscrapimg_webpGabrielBoricgobiernocelebrainicio_0.webp","jetpack_sharing_enabled":true,"_links":{"self":[{"href":"https:\/\/laserenaradio.cl\/web\/wp-json\/wp\/v2\/posts\/13000","targetHints":{"allow":["GET"]}}],"collection":[{"href":"https:\/\/laserenaradio.cl\/web\/wp-json\/wp\/v2\/posts"}],"about":[{"href":"https:\/\/laserenaradio.cl\/web\/wp-json\/wp\/v2\/types\/post"}],"author":[{"embeddable":true,"href":"https:\/\/laserenaradio.cl\/web\/wp-json\/wp\/v2\/users\/2"}],"replies":[{"embeddable":true,"href":"https:\/\/laserenaradio.cl\/web\/wp-json\/wp\/v2\/comments?post=13000"}],"version-history":[{"count":1,"href":"https:\/\/laserenaradio.cl\/web\/wp-json\/wp\/v2\/posts\/13000\/revisions"}],"predecessor-version":[{"id":13001,"href":"https:\/\/laserenaradio.cl\/web\/wp-json\/wp\/v2\/posts\/13000\/revisions\/13001"}],"wp:featuredmedia":[{"embeddable":true,"href":"https:\/\/laserenaradio.cl\/web\/wp-json\/wp\/v2\/media\/12999"}],"wp:attachment":[{"href":"https:\/\/laserenaradio.cl\/web\/wp-json\/wp\/v2\/media?parent=13000"}],"wp:term":[{"taxonomy":"category","embeddable":true,"href":"https:\/\/laserenaradio.cl\/web\/wp-json\/wp\/v2\/categories?post=13000"},{"taxonomy":"post_tag","embeddable":true,"href":"https:\/\/laserenaradio.cl\/web\/wp-json\/wp\/v2\/tags?post=13000"}],"curies":[{"name":"wp","href":"https:\/\/api.w.org\/{rel}","templated":true}]}}