{"id":12988,"date":"2025-03-10T19:10:39","date_gmt":"2025-03-10T22:10:39","guid":{"rendered":"https:\/\/laserenaradio.cl\/web\/?p=12988"},"modified":"2025-03-10T19:10:39","modified_gmt":"2025-03-10T22:10:39","slug":"renunciaciones-voluntarias-al-gobierno-aisen-etcheverry-habla-sobre-las-decisiones-de-maya-fernandez-y-miguel-crispi","status":"publish","type":"post","link":"https:\/\/laserenaradio.cl\/web\/2025\/03\/10\/renunciaciones-voluntarias-al-gobierno-aisen-etcheverry-habla-sobre-las-decisiones-de-maya-fernandez-y-miguel-crispi\/","title":{"rendered":"Renunciaciones voluntarias al Gobierno: Ais\u00e9n Etcheverry habla sobre las decisiones de Maya Fern\u00e1ndez y Miguel Crispi"},"content":{"rendered":"<p><b>Esta lunes, tras la renuncia de la exministra Maya Fern\u00e1ndez y del exjefe de asesores Miguel Crispi, Ais\u00e9n Etcheverry, vocera de Gobierno, se refiri\u00f3 a los hechos<\/b><!--more-->.<\/p>\n<p>Ambos presentaron sus renuncias de forma voluntaria.<\/p>\n<p>Etcheverry explic\u00f3 que &#8220;la ministra Fern\u00e1ndez decidi\u00f3 dar un paso al costado como resultado de una evaluaci\u00f3n personal. Esto la lleva a centrarse en preparar su defensa ante las instancias judiciales en curso&#8221;. La vocera resalt\u00f3 la responsabilidad con la que se llev\u00f3 a cabo esta decisi\u00f3n, y subray\u00f3 que el presidente la ha aceptado.<\/p>\n<p>Respecto al caso de Crispi, Etcheverry se\u00f1al\u00f3: &#8220;Es una renuncia voluntaria. Es importante destacar que, igual que todos los asesores del Gobierno, Miguel Crispi ha colaborado con todas las instancias para aclarar cuestionamientos&#8221;.<\/p>\n<p>Seg\u00fan la vocera, la decisi\u00f3n de Crispi se basa en lo mejor para el Gobierno en este momento.<\/p>\n<p>En una misma l\u00ednea, Etcheverry agreg\u00f3: &#8220;Estas renuncias son decisiones voluntarias que valoramos como pasos responsables. Tenemos que estar preparados para los cambios necesarios cuando estos surjan&#8221;.<\/p>\n<p>Sobre las posibles nuevas renuncias, la vocera indic\u00f3: &#8220;Tenemos que estar todos disponibles para cualquier cambio necesario en el momento en que sea requerido&#8221;.<\/p>\n","protected":false},"excerpt":{"rendered":"<p>Esta lunes, tras la renuncia de la exministra Maya Fern\u00e1ndez y del exjefe de asesores Miguel Crispi, Ais\u00e9n Etcheverry, vocera de Gobierno, se refiri\u00f3 a los hechos<\/p>\n","protected":false},"author":2,"featured_media":12987,"comment_status":"closed","ping_status":"open","sticky":false,"template":"","format":"standard","meta":{"_jetpack_memberships_contains_paid_content":false,"jnews-multi-image_gallery":[],"jnews_single_post":[],"jnews_primary_category":[],"jnews_social_meta":[],"jnews_paywall_metabox":[],"jnews_review":[],"enable_review":"","type":"","name":"","summary":"","brand":"","sku":"","good":[],"bad":[],"score_override":"","override_value":"","rating":[],"price":[],"jnews_override_counter":[],"jnews_post_split":[],"footnotes":""},"categories":[83],"tags":[],"class_list":["post-12988","post","type-post","status-publish","format-standard","has-post-thumbnail","hentry","category-politica"],"jetpack_featured_media_url":"https:\/\/laserenaradio.cl\/web\/wp-content\/uploads\/2025\/03\/homepiaiextractoscrapimg_webpEtcheverryvoceraGobiernoMiguelCrispi_1.webp","jetpack_sharing_enabled":true,"_links":{"self":[{"href":"https:\/\/laserenaradio.cl\/web\/wp-json\/wp\/v2\/posts\/12988","targetHints":{"allow":["GET"]}}],"collection":[{"href":"https:\/\/laserenaradio.cl\/web\/wp-json\/wp\/v2\/posts"}],"about":[{"href":"https:\/\/laserenaradio.cl\/web\/wp-json\/wp\/v2\/types\/post"}],"author":[{"embeddable":true,"href":"https:\/\/laserenaradio.cl\/web\/wp-json\/wp\/v2\/users\/2"}],"replies":[{"embeddable":true,"href":"https:\/\/laserenaradio.cl\/web\/wp-json\/wp\/v2\/comments?post=12988"}],"version-history":[{"count":1,"href":"https:\/\/laserenaradio.cl\/web\/wp-json\/wp\/v2\/posts\/12988\/revisions"}],"predecessor-version":[{"id":12989,"href":"https:\/\/laserenaradio.cl\/web\/wp-json\/wp\/v2\/posts\/12988\/revisions\/12989"}],"wp:featuredmedia":[{"embeddable":true,"href":"https:\/\/laserenaradio.cl\/web\/wp-json\/wp\/v2\/media\/12987"}],"wp:attachment":[{"href":"https:\/\/laserenaradio.cl\/web\/wp-json\/wp\/v2\/media?parent=12988"}],"wp:term":[{"taxonomy":"category","embeddable":true,"href":"https:\/\/laserenaradio.cl\/web\/wp-json\/wp\/v2\/categories?post=12988"},{"taxonomy":"post_tag","embeddable":true,"href":"https:\/\/laserenaradio.cl\/web\/wp-json\/wp\/v2\/tags?post=12988"}],"curies":[{"name":"wp","href":"https:\/\/api.w.org\/{rel}","templated":true}]}}