{"id":12985,"date":"2025-03-10T19:07:27","date_gmt":"2025-03-10T22:07:27","guid":{"rendered":"https:\/\/laserenaradio.cl\/web\/?p=12985"},"modified":"2025-03-10T19:07:27","modified_gmt":"2025-03-10T22:07:27","slug":"adriana-delpiano-asume-como-ministra-de-defensa-despues-del-retiro-de-maya-fernandez","status":"publish","type":"post","link":"https:\/\/laserenaradio.cl\/web\/2025\/03\/10\/adriana-delpiano-asume-como-ministra-de-defensa-despues-del-retiro-de-maya-fernandez\/","title":{"rendered":"Adriana Delpiano asume como Ministra de Defensa despu\u00e9s del retiro de Maya Fern\u00e1ndez"},"content":{"rendered":"<p><b>Adriana Delpiano, ex ministra de Educaci\u00f3n y pieza clave en la reforma educacional chilena, asume ahora el cargo de ministra de Defensa del Gobierno de Gabriel Boric<\/b><!--more-->.<\/p>\n<p>Esta noticia se produce luego de que Maya Fern\u00e1ndez renunciara al puesto tras m\u00e1s de un a\u00f1o en el cargo.<\/p>\n<p>Con experiencia desde los a\u00f1os 70, Delpiano ha desempe\u00f1ado roles fundamentales en la pol\u00edtica chilena. Su trayectoria incluye su participaci\u00f3n como asistente social y Mag\u00edster en Ciencias de la Educaci\u00f3n, as\u00ed como su pertenencia al Movimiento de Acci\u00f3n Popular Unitaria (MAPU) en los a\u00f1os 70.<\/p>\n<p>Durante el gobierno de Eduardo Frei Ruiz-Tagle, Delpiano ocup\u00f3 el cargo de ministra de Bienes Nacionales. Posteriormente, entre 2000 y 2003, fue directora del Servicio Nacional de la Mujer bajo Ricardo Lagos. Luego, desde 2006 hasta 2007, desempe\u00f1\u00f3 el papel de directora del \u00c1rea Sociocultural en la Presidencia.<\/p>\n<p>En el \u00e1mbito educativo, Delpiano jug\u00f3 un rol crucial como ministra durante el mandato de Michelle Bachelet, siendo una pieza fundamental para la consolidaci\u00f3n de la reforma educacional. Posteriormente, entre 2015 y 2018, volvi\u00f3 al gabinete en el mismo cargo.<\/p>\n<p>Finalmente, su experiencia en gesti\u00f3n privada incluye ser directora ejecutiva de Educaci\u00f3n 2020 y miembro del Directorio de TVN hasta septiembre de 2026.<\/p>\n<p>Ahora, a la luz de sus antecedentes, Adriana Delpiano asume el desaf\u00edo de liderar la defensa nacional en el gobierno de Gabriel Boric.<\/p>\n","protected":false},"excerpt":{"rendered":"<p>Adriana Delpiano, ex ministra de Educaci\u00f3n y pieza clave en la reforma educacional chilena, asume ahora el cargo de ministra de Defensa del Gobierno de Gabriel Boric<\/p>\n","protected":false},"author":2,"featured_media":12984,"comment_status":"closed","ping_status":"open","sticky":false,"template":"","format":"standard","meta":{"_jetpack_memberships_contains_paid_content":false,"jnews-multi-image_gallery":[],"jnews_single_post":[],"jnews_primary_category":[],"jnews_social_meta":[],"jnews_paywall_metabox":[],"jnews_review":[],"enable_review":"","type":"","name":"","summary":"","brand":"","sku":"","good":[],"bad":[],"score_override":"","override_value":"","rating":[],"price":[],"jnews_override_counter":[],"jnews_post_split":[],"footnotes":""},"categories":[83],"tags":[],"class_list":["post-12985","post","type-post","status-publish","format-standard","has-post-thumbnail","hentry","category-politica"],"jetpack_featured_media_url":"https:\/\/laserenaradio.cl\/web\/wp-content\/uploads\/2025\/03\/homepiaiextractoscrapimg_webpministraAdrianaDelpianocargoreforma_0.webp","jetpack_sharing_enabled":true,"_links":{"self":[{"href":"https:\/\/laserenaradio.cl\/web\/wp-json\/wp\/v2\/posts\/12985","targetHints":{"allow":["GET"]}}],"collection":[{"href":"https:\/\/laserenaradio.cl\/web\/wp-json\/wp\/v2\/posts"}],"about":[{"href":"https:\/\/laserenaradio.cl\/web\/wp-json\/wp\/v2\/types\/post"}],"author":[{"embeddable":true,"href":"https:\/\/laserenaradio.cl\/web\/wp-json\/wp\/v2\/users\/2"}],"replies":[{"embeddable":true,"href":"https:\/\/laserenaradio.cl\/web\/wp-json\/wp\/v2\/comments?post=12985"}],"version-history":[{"count":1,"href":"https:\/\/laserenaradio.cl\/web\/wp-json\/wp\/v2\/posts\/12985\/revisions"}],"predecessor-version":[{"id":12986,"href":"https:\/\/laserenaradio.cl\/web\/wp-json\/wp\/v2\/posts\/12985\/revisions\/12986"}],"wp:featuredmedia":[{"embeddable":true,"href":"https:\/\/laserenaradio.cl\/web\/wp-json\/wp\/v2\/media\/12984"}],"wp:attachment":[{"href":"https:\/\/laserenaradio.cl\/web\/wp-json\/wp\/v2\/media?parent=12985"}],"wp:term":[{"taxonomy":"category","embeddable":true,"href":"https:\/\/laserenaradio.cl\/web\/wp-json\/wp\/v2\/categories?post=12985"},{"taxonomy":"post_tag","embeddable":true,"href":"https:\/\/laserenaradio.cl\/web\/wp-json\/wp\/v2\/tags?post=12985"}],"curies":[{"name":"wp","href":"https:\/\/api.w.org\/{rel}","templated":true}]}}