{"id":12982,"date":"2025-03-10T14:40:27","date_gmt":"2025-03-10T17:40:27","guid":{"rendered":"https:\/\/laserenaradio.cl\/web\/?p=12982"},"modified":"2025-03-10T14:40:27","modified_gmt":"2025-03-10T17:40:27","slug":"la-carrera-presidencial-se-acelera-toha-sube-en-encuestas-ante-el-estancamiento-de-matthei","status":"publish","type":"post","link":"https:\/\/laserenaradio.cl\/web\/2025\/03\/10\/la-carrera-presidencial-se-acelera-toha-sube-en-encuestas-ante-el-estancamiento-de-matthei\/","title":{"rendered":"La carrera presidencial se acelera: Toh\u00e1 sube en encuestas ante el estancamiento de Matthei"},"content":{"rendered":"<p><b>En el an\u00e1lisis pol\u00edtico del director de la Escuela de Gobierno y Comunicaciones de la Universidad Central, Marco Moreno, se destaca la subida significativa de Carolina Toh\u00e1 tras su oficializaci\u00f3n como candidata presidencial<\/b><!--more-->.<\/p>\n<p>Seg\u00fan encuestas recientes de Cadem, la ex ministra ha ganado 7 puntos porcentuales, reflejando su creciente popularidad. Por otro lado, Evelyn Matthei enfrenta un estancamiento en sus intenciones electorales, atribuido al &#8220;fantasma de Lav\u00edn&#8221;, que afecta a su imagen y dificulta el crecimiento de su candidatura.<\/p>\n<p>Moreno subraya la importancia de estas fechas clave: marzo para la definici\u00f3n de los candidatos, abril para las inscripciones oficiales y junio para las primarias. Estas elecciones determinar\u00e1n no solo a qui\u00e9n votar\u00e1 Chile, sino tambi\u00e9n el futuro del Congreso.<\/p>\n<p>Moreno critica duramente la gesti\u00f3n del gobierno de Gabriel Boric en su tercer a\u00f1o, se\u00f1alando que &#8220;los problemas de la gente no se resuelven&#8221;. Asegura que el programa de gobierno presentado por Boric se perdi\u00f3 con el fracaso del plebiscito de 2022 y ha quedado diluido.<\/p>\n<p>Los expertos anticipan posibles primarias disputadas, lo que podr\u00eda generar divisiones en los partidos.<\/p>\n<p>Para Toh\u00e1, ser\u00e1 crucial la decisi\u00f3n de FA este fin de semana sobre su apoyo, mientras PS y PC se preparan para sus propias elecciones internas. Moreno advierte que el resultado puede ser un &#8220;tablero de ajedrez en movimiento&#8221;, con incertidumbre sobre la unidad del oficialismo.<\/p>\n<p>Finalmente, Moreno enfatiza la necesidad de reevaluar los temas clave durante este a\u00f1o electoral para conectar nuevamente con la opini\u00f3n p\u00fablica y resolver problemas urgentes. Las primarias, las elecciones de diputados y senadores en noviembre, junto con el programa de gobierno, son cruciales para definir el futuro pol\u00edtico del pa\u00eds.<\/p>\n","protected":false},"excerpt":{"rendered":"<p>En el an\u00e1lisis pol\u00edtico del director de la Escuela de Gobierno y Comunicaciones de la Universidad Central, Marco Moreno, se destaca la subida significativa de Carolina Toh\u00e1 tras su oficializaci\u00f3n como candidata presidencial<\/p>\n","protected":false},"author":2,"featured_media":12981,"comment_status":"closed","ping_status":"open","sticky":false,"template":"","format":"standard","meta":{"_jetpack_memberships_contains_paid_content":false,"jnews-multi-image_gallery":[],"jnews_single_post":[],"jnews_primary_category":[],"jnews_social_meta":[],"jnews_paywall_metabox":[],"jnews_review":[],"enable_review":"","type":"","name":"","summary":"","brand":"","sku":"","good":[],"bad":[],"score_override":"","override_value":"","rating":[],"price":[],"jnews_override_counter":[],"jnews_post_split":[],"footnotes":""},"categories":[83],"tags":[],"class_list":["post-12982","post","type-post","status-publish","format-standard","has-post-thumbnail","hentry","category-politica"],"jetpack_featured_media_url":"https:\/\/laserenaradio.cl\/web\/wp-content\/uploads\/2025\/03\/homepiaiextractoscrapimg_webpTohaMatthei_0.webp","jetpack_sharing_enabled":true,"_links":{"self":[{"href":"https:\/\/laserenaradio.cl\/web\/wp-json\/wp\/v2\/posts\/12982","targetHints":{"allow":["GET"]}}],"collection":[{"href":"https:\/\/laserenaradio.cl\/web\/wp-json\/wp\/v2\/posts"}],"about":[{"href":"https:\/\/laserenaradio.cl\/web\/wp-json\/wp\/v2\/types\/post"}],"author":[{"embeddable":true,"href":"https:\/\/laserenaradio.cl\/web\/wp-json\/wp\/v2\/users\/2"}],"replies":[{"embeddable":true,"href":"https:\/\/laserenaradio.cl\/web\/wp-json\/wp\/v2\/comments?post=12982"}],"version-history":[{"count":1,"href":"https:\/\/laserenaradio.cl\/web\/wp-json\/wp\/v2\/posts\/12982\/revisions"}],"predecessor-version":[{"id":12983,"href":"https:\/\/laserenaradio.cl\/web\/wp-json\/wp\/v2\/posts\/12982\/revisions\/12983"}],"wp:featuredmedia":[{"embeddable":true,"href":"https:\/\/laserenaradio.cl\/web\/wp-json\/wp\/v2\/media\/12981"}],"wp:attachment":[{"href":"https:\/\/laserenaradio.cl\/web\/wp-json\/wp\/v2\/media?parent=12982"}],"wp:term":[{"taxonomy":"category","embeddable":true,"href":"https:\/\/laserenaradio.cl\/web\/wp-json\/wp\/v2\/categories?post=12982"},{"taxonomy":"post_tag","embeddable":true,"href":"https:\/\/laserenaradio.cl\/web\/wp-json\/wp\/v2\/tags?post=12982"}],"curies":[{"name":"wp","href":"https:\/\/api.w.org\/{rel}","templated":true}]}}