{"id":12976,"date":"2025-03-10T14:29:51","date_gmt":"2025-03-10T17:29:51","guid":{"rendered":"https:\/\/laserenaradio.cl\/web\/?p=12976"},"modified":"2025-03-10T14:29:51","modified_gmt":"2025-03-10T17:29:51","slug":"la-comision-investigadora-del-caso-monsalve-solicitara-sanciones-a-miguel-crispi-por-negarse-a-responder-preguntas","status":"publish","type":"post","link":"https:\/\/laserenaradio.cl\/web\/2025\/03\/10\/la-comision-investigadora-del-caso-monsalve-solicitara-sanciones-a-miguel-crispi-por-negarse-a-responder-preguntas\/","title":{"rendered":"La Comisi\u00f3n Investigadora del caso Monsalve solicitar\u00e1 sanciones a Miguel Crispi por negarse a responder preguntas"},"content":{"rendered":"<p><b>El diputado Miguel Mellado (RN), presidente de la Comisi\u00f3n Investigadora del caso Monsalve, cuestion\u00f3 duramente a Miguel Crispi, jefe de asesores de La Moneda<\/b><!--more-->.<\/p>\n<p>El legislador acus\u00f3 a Crispi de negarse a responder preguntas clave y de incumplir las instrucciones de la Contralor\u00eda, lo que derivar\u00e1 en una solicitud de sanciones en su contra.<\/p>\n<p>Mellado asegur\u00f3: &#8220;Crispi no quiso entregar la informaci\u00f3n que le requerimos, a pesar de que la misma Contralor\u00eda hab\u00eda indicado que deb\u00eda hacerlo. Insistentemente le preguntamos lo mismo y se escud\u00f3 en su contrato. Pero aqu\u00ed el punto es claro: \u00e9l es el ni\u00f1o s\u00edmbolo del silencio del Gobierno en el caso Monsalve&#8221;.<\/p>\n<p>Adem\u00e1s, afirm\u00f3 que &#8220;Vamos a pedir que sea sancionado como corresponde, porque no avanzamos nada. Aqu\u00ed hay un claro intento del Gobierno de silenciar este caso, con instrucciones directas para no responder&#8221;.<\/p>\n<p>Por otra parte, Mellado inform\u00f3 sobre la existencia de una moci\u00f3n dentro de la Comisi\u00f3n para solicitar al Presidente Gabriel Boric la renuncia de Crispi. &#8220;Creemos que \u00e9l es una de las piezas clave en la protecci\u00f3n de Monsalve, m\u00e1s que en la protecci\u00f3n de la v\u00edctima&#8221;, enfatiz\u00f3.<\/p>\n<p>Finalmente, el diputado adelant\u00f3 que la Comisi\u00f3n estar\u00e1 lista para presentar sus conclusiones en un plazo de 15 d\u00edas, salvo que el Fiscal Nacional acceda a comparecer en la pr\u00f3xima sesi\u00f3n.<\/p>\n<p>&#8220;Esperamos que hoy nos confirmen su asistencia. De lo contrario, esta ser\u00eda la \u00faltima sesi\u00f3n y procederemos con las conclusiones&#8221;, cerr\u00f3 Mellado.<\/p>\n","protected":false},"excerpt":{"rendered":"<p>El diputado Miguel Mellado (RN), presidente de la Comisi\u00f3n Investigadora del caso Monsalve, cuestion\u00f3 duramente a Miguel Crispi, jefe de asesores de La Moneda<\/p>\n","protected":false},"author":2,"featured_media":12975,"comment_status":"closed","ping_status":"open","sticky":false,"template":"","format":"standard","meta":{"_jetpack_memberships_contains_paid_content":false,"jnews-multi-image_gallery":[],"jnews_single_post":[],"jnews_primary_category":[],"jnews_social_meta":[],"jnews_paywall_metabox":[],"jnews_review":[],"enable_review":"","type":"","name":"","summary":"","brand":"","sku":"","good":[],"bad":[],"score_override":"","override_value":"","rating":[],"price":[],"jnews_override_counter":[],"jnews_post_split":[],"footnotes":""},"categories":[83],"tags":[],"class_list":["post-12976","post","type-post","status-publish","format-standard","has-post-thumbnail","hentry","category-politica"],"jetpack_featured_media_url":"https:\/\/laserenaradio.cl\/web\/wp-content\/uploads\/2025\/03\/homepiaiextractoscrapimg_webpcasoMonsalveInvestigadoraMiguelCrispi_1.webp","jetpack_sharing_enabled":true,"_links":{"self":[{"href":"https:\/\/laserenaradio.cl\/web\/wp-json\/wp\/v2\/posts\/12976","targetHints":{"allow":["GET"]}}],"collection":[{"href":"https:\/\/laserenaradio.cl\/web\/wp-json\/wp\/v2\/posts"}],"about":[{"href":"https:\/\/laserenaradio.cl\/web\/wp-json\/wp\/v2\/types\/post"}],"author":[{"embeddable":true,"href":"https:\/\/laserenaradio.cl\/web\/wp-json\/wp\/v2\/users\/2"}],"replies":[{"embeddable":true,"href":"https:\/\/laserenaradio.cl\/web\/wp-json\/wp\/v2\/comments?post=12976"}],"version-history":[{"count":1,"href":"https:\/\/laserenaradio.cl\/web\/wp-json\/wp\/v2\/posts\/12976\/revisions"}],"predecessor-version":[{"id":12977,"href":"https:\/\/laserenaradio.cl\/web\/wp-json\/wp\/v2\/posts\/12976\/revisions\/12977"}],"wp:featuredmedia":[{"embeddable":true,"href":"https:\/\/laserenaradio.cl\/web\/wp-json\/wp\/v2\/media\/12975"}],"wp:attachment":[{"href":"https:\/\/laserenaradio.cl\/web\/wp-json\/wp\/v2\/media?parent=12976"}],"wp:term":[{"taxonomy":"category","embeddable":true,"href":"https:\/\/laserenaradio.cl\/web\/wp-json\/wp\/v2\/categories?post=12976"},{"taxonomy":"post_tag","embeddable":true,"href":"https:\/\/laserenaradio.cl\/web\/wp-json\/wp\/v2\/tags?post=12976"}],"curies":[{"name":"wp","href":"https:\/\/api.w.org\/{rel}","templated":true}]}}