{"id":12970,"date":"2025-03-10T14:12:39","date_gmt":"2025-03-10T17:12:39","guid":{"rendered":"https:\/\/laserenaradio.cl\/web\/?p=12970"},"modified":"2025-03-10T14:12:39","modified_gmt":"2025-03-10T17:12:39","slug":"la-presidenta-del-frente-amplio-no-descarta-que-jadue-sea-candidato-presidencial-por-el-pc","status":"publish","type":"post","link":"https:\/\/laserenaradio.cl\/web\/2025\/03\/10\/la-presidenta-del-frente-amplio-no-descarta-que-jadue-sea-candidato-presidencial-por-el-pc\/","title":{"rendered":"La presidenta del Frente Amplio no descarta que Jadue sea candidato presidencial por el PC"},"content":{"rendered":"<p><b>Constanza Mart\u00ednez, presidenta del Frente Amplio (FA), respondi\u00f3 a las declaraciones del diputado Diego Ib\u00e1\u00f1ez (FA) respecto a la candidatura presidencial de Daniel Jadue por el Partido Comunista (PC). Ib\u00e1\u00f1ez expres\u00f3 que votar\u00eda contra alguien apoyando a Nicol\u00e1s Maduro.<\/b><!--more-->.<\/p>\n<p>Mart\u00ednez asegur\u00f3 que cada partido es soberano en determinar su candidato, reiterando que no se ha hablado de una posible primaria con el PC dentro del FA. En un comunicado emitido desde La Moneda, la dirigente oficialista reafirm\u00f3 que los partidos son independientes en la decisi\u00f3n de sus candidatos. Sin embargo, destac\u00f3 que el Frente Amplio mantiene la bandera del respeto a los Derechos Humanos como una prioridad fundamental.<\/p>\n<p>&#8220;Estas declaraciones no implican un apoyo o desaprobaci\u00f3n directa hacia Jadue&#8221;, afirm\u00f3 Mart\u00ednez, &#8220;sino m\u00e1s bien reflejan una discusi\u00f3n de fondo que respecta al libre discernimiento del PC sobre su candidatura&#8221;.<\/p>\n","protected":false},"excerpt":{"rendered":"<p>Constanza Mart\u00ednez, presidenta del Frente Amplio (FA), respondi\u00f3 a las declaraciones del diputado Diego Ib\u00e1\u00f1ez (FA) respecto a la candidatura presidencial de Daniel Jadue por el Partido Comunista (PC). Ib\u00e1\u00f1ez expres\u00f3 que votar\u00eda contra alguien apoyando a Nicol\u00e1s Maduro.<\/p>\n","protected":false},"author":2,"featured_media":12969,"comment_status":"closed","ping_status":"open","sticky":false,"template":"","format":"standard","meta":{"_jetpack_memberships_contains_paid_content":false,"jnews-multi-image_gallery":[],"jnews_single_post":[],"jnews_primary_category":[],"jnews_social_meta":[],"jnews_paywall_metabox":[],"jnews_review":[],"enable_review":"","type":"","name":"","summary":"","brand":"","sku":"","good":[],"bad":[],"score_override":"","override_value":"","rating":[],"price":[],"jnews_override_counter":[],"jnews_post_split":[],"footnotes":""},"categories":[83],"tags":[],"class_list":["post-12970","post","type-post","status-publish","format-standard","has-post-thumbnail","hentry","category-politica"],"jetpack_featured_media_url":"https:\/\/laserenaradio.cl\/web\/wp-content\/uploads\/2025\/03\/homepiaiextractoscrapimg_webpFrenteAmpliocandidaturapresidencialpresidenta_0.webp","jetpack_sharing_enabled":true,"_links":{"self":[{"href":"https:\/\/laserenaradio.cl\/web\/wp-json\/wp\/v2\/posts\/12970","targetHints":{"allow":["GET"]}}],"collection":[{"href":"https:\/\/laserenaradio.cl\/web\/wp-json\/wp\/v2\/posts"}],"about":[{"href":"https:\/\/laserenaradio.cl\/web\/wp-json\/wp\/v2\/types\/post"}],"author":[{"embeddable":true,"href":"https:\/\/laserenaradio.cl\/web\/wp-json\/wp\/v2\/users\/2"}],"replies":[{"embeddable":true,"href":"https:\/\/laserenaradio.cl\/web\/wp-json\/wp\/v2\/comments?post=12970"}],"version-history":[{"count":1,"href":"https:\/\/laserenaradio.cl\/web\/wp-json\/wp\/v2\/posts\/12970\/revisions"}],"predecessor-version":[{"id":12971,"href":"https:\/\/laserenaradio.cl\/web\/wp-json\/wp\/v2\/posts\/12970\/revisions\/12971"}],"wp:featuredmedia":[{"embeddable":true,"href":"https:\/\/laserenaradio.cl\/web\/wp-json\/wp\/v2\/media\/12969"}],"wp:attachment":[{"href":"https:\/\/laserenaradio.cl\/web\/wp-json\/wp\/v2\/media?parent=12970"}],"wp:term":[{"taxonomy":"category","embeddable":true,"href":"https:\/\/laserenaradio.cl\/web\/wp-json\/wp\/v2\/categories?post=12970"},{"taxonomy":"post_tag","embeddable":true,"href":"https:\/\/laserenaradio.cl\/web\/wp-json\/wp\/v2\/tags?post=12970"}],"curies":[{"name":"wp","href":"https:\/\/api.w.org\/{rel}","templated":true}]}}