{"id":12961,"date":"2025-03-10T13:35:45","date_gmt":"2025-03-10T16:35:45","guid":{"rendered":"https:\/\/laserenaradio.cl\/web\/?p=12961"},"modified":"2025-03-10T13:35:45","modified_gmt":"2025-03-10T16:35:45","slug":"el-partido-socialista-analiza-candidaturas-vodanovic-habla-sobre-posibles-opciones","status":"publish","type":"post","link":"https:\/\/laserenaradio.cl\/web\/2025\/03\/10\/el-partido-socialista-analiza-candidaturas-vodanovic-habla-sobre-posibles-opciones\/","title":{"rendered":"El Partido Socialista analiza candidaturas: Vodanovic habla sobre posibles opciones"},"content":{"rendered":"<p><b>En el contexto de las candidaturas presidenciales, la senadora y presidenta del Partido Socialista, Paulina Vodanovic, confirm\u00f3 en una reciente entrevista con 24 Horas que el gobernador de la Regi\u00f3n Metropolitana, Claudio Orrego, es uno de los nombres que se barajan dentro del partido<\/b><!--more-->.<\/p>\n<p>Aunque Orrego ha expresado su deseo de continuar en su cargo, Vodanovic se\u00f1al\u00f3 que suscriben apoyos significativos a favor de Orrego &#8220;dentro del PS, pero es posible que se lo pueda reconsiderar.&#8221;<\/p>\n<p>Vodanovic no descarta la posibilidad de una revisi\u00f3n: &#8220;No hemos hablado formalmente con \u00e9l, pero hay un grupo dentro del PS que lo considera por sus caracter\u00edsticas. Claudio Orrego es una opci\u00f3n que se baraja dentro del partido.&#8221; A su vez, destac\u00f3 la candidatura de Carolina Toh\u00e1, quien &#8220;siempre ha sido una militante de izquierda y tiene las capacidades necesarias.&#8221;<\/p>\n<p>La l\u00edder socialista subray\u00f3: &#8220;No nos cerramos a ninguna opci\u00f3n, pero el PS tambi\u00e9n tiene derecho a plantear alguna opci\u00f3n propia.&#8221; Enfatiz\u00f3 la importancia de que la primaria represente claramente un progresismo: &#8220;No es un drama si apoyamos una candidatura que no sea socialista (\u2026) No ser\u00eda primera vez que lo hacemos.&#8221;<\/p>\n<p>Posteriormente, en La Moneda, Vodanovic reiter\u00f3 su postura: &#8220;Vamos a tomar la decisi\u00f3n en su momento y vamos a pensar en lo mejor para el progresismo.&#8221; Por \u00faltimo, subray\u00f3 nuevamente que a\u00fan no han conversado formalmente con Orrego.<\/p>\n","protected":false},"excerpt":{"rendered":"<p>En el contexto de las candidaturas presidenciales, la senadora y presidenta del Partido Socialista, Paulina Vodanovic, confirm\u00f3 en una reciente entrevista con 24 Horas que el gobernador de la Regi\u00f3n Metropolitana, Claudio Orrego, es uno de los nombres que se barajan dentro del partido<\/p>\n","protected":false},"author":2,"featured_media":12960,"comment_status":"closed","ping_status":"open","sticky":false,"template":"","format":"standard","meta":{"_jetpack_memberships_contains_paid_content":false,"jnews-multi-image_gallery":[],"jnews_single_post":[],"jnews_primary_category":[],"jnews_social_meta":[],"jnews_paywall_metabox":[],"jnews_review":[],"enable_review":"","type":"","name":"","summary":"","brand":"","sku":"","good":[],"bad":[],"score_override":"","override_value":"","rating":[],"price":[],"jnews_override_counter":[],"jnews_post_split":[],"footnotes":""},"categories":[83],"tags":[],"class_list":["post-12961","post","type-post","status-publish","format-standard","has-post-thumbnail","hentry","category-politica"],"jetpack_featured_media_url":"https:\/\/laserenaradio.cl\/web\/wp-content\/uploads\/2025\/03\/homepiaiextractoscrapimg_webpdentroVodanovicperocandidaturas_0.webp","jetpack_sharing_enabled":true,"_links":{"self":[{"href":"https:\/\/laserenaradio.cl\/web\/wp-json\/wp\/v2\/posts\/12961","targetHints":{"allow":["GET"]}}],"collection":[{"href":"https:\/\/laserenaradio.cl\/web\/wp-json\/wp\/v2\/posts"}],"about":[{"href":"https:\/\/laserenaradio.cl\/web\/wp-json\/wp\/v2\/types\/post"}],"author":[{"embeddable":true,"href":"https:\/\/laserenaradio.cl\/web\/wp-json\/wp\/v2\/users\/2"}],"replies":[{"embeddable":true,"href":"https:\/\/laserenaradio.cl\/web\/wp-json\/wp\/v2\/comments?post=12961"}],"version-history":[{"count":1,"href":"https:\/\/laserenaradio.cl\/web\/wp-json\/wp\/v2\/posts\/12961\/revisions"}],"predecessor-version":[{"id":12962,"href":"https:\/\/laserenaradio.cl\/web\/wp-json\/wp\/v2\/posts\/12961\/revisions\/12962"}],"wp:featuredmedia":[{"embeddable":true,"href":"https:\/\/laserenaradio.cl\/web\/wp-json\/wp\/v2\/media\/12960"}],"wp:attachment":[{"href":"https:\/\/laserenaradio.cl\/web\/wp-json\/wp\/v2\/media?parent=12961"}],"wp:term":[{"taxonomy":"category","embeddable":true,"href":"https:\/\/laserenaradio.cl\/web\/wp-json\/wp\/v2\/categories?post=12961"},{"taxonomy":"post_tag","embeddable":true,"href":"https:\/\/laserenaradio.cl\/web\/wp-json\/wp\/v2\/tags?post=12961"}],"curies":[{"name":"wp","href":"https:\/\/api.w.org\/{rel}","templated":true}]}}