{"id":12958,"date":"2025-03-10T12:43:42","date_gmt":"2025-03-10T15:43:42","guid":{"rendered":"https:\/\/laserenaradio.cl\/web\/?p=12958"},"modified":"2025-03-10T12:43:42","modified_gmt":"2025-03-10T15:43:42","slug":"boric-celebra-su-tercer-ano-al-frente-del-gobierno","status":"publish","type":"post","link":"https:\/\/laserenaradio.cl\/web\/2025\/03\/10\/boric-celebra-su-tercer-ano-al-frente-del-gobierno\/","title":{"rendered":"Boric celebra su tercer a\u00f1o al frente del gobierno"},"content":{"rendered":"<p><b>El Presidente Gabriel Boric cumple tres a\u00f1os de gobierno el pr\u00f3ximo d\u00eda, celebrando este hito con un acto en la regi\u00f3n Metropolitana y la presencia de ministros en distintas partes del pa\u00eds<\/b><!--more-->.<\/p>\n<p>La administraci\u00f3n destaca logros como Copago Cero, aumento del sueldo m\u00ednimo y reforma a las pensiones, pero reconoce pendientes como el fin del endeudamiento y legalizaci\u00f3n del aborto.<\/p>\n<p>Desde la alianza de gobierno, se descarta el &#8220;s\u00edndrome del pato cojo&#8221;, asegurando continuidad en el equipo.<\/p>\n<p>Constanza Mart\u00ednez, l\u00edder del Frente Amplio, destaca avances como Copago Cero y reforma a las pensiones, enfatizando la importancia de avanzar en el fin del endeudamiento y autonom\u00eda para mujeres.<\/p>\n<p>Boric ha liderado varios hitos durante su gobierno, incluyendo el Rechazo en el refer\u00e9ndum de constitucionalidad. Esto llev\u00f3 a la inclusi\u00f3n de Carolina Toh\u00e1 al gabinete, resaltando la necesidad de coaliciones m\u00e1s amplias en el futuro.<\/p>\n<p>El \u00faltimo a\u00f1o ser\u00e1 crucial con elecciones, lo que presenta una evaluaci\u00f3n para su gesti\u00f3n.<\/p>\n<p>La oposici\u00f3n ha arremetido, pero la ministra vocera Ais\u00e9n Etcheverry insta a un debate constructivo basado en datos y en beneficio del pa\u00eds. Jaime Quintana de Partido por la Democracia considera que el desaf\u00edo es cada vez m\u00e1s complejo.<\/p>\n<p>Boric deber\u00e1 enfrentar estos retos, consolidando logros pasados y buscando nuevos aliados para seguir su legado.<\/p>\n","protected":false},"excerpt":{"rendered":"<p>El Presidente Gabriel Boric cumple tres a\u00f1os de gobierno el pr\u00f3ximo d\u00eda, celebrando este hito con un acto en la regi\u00f3n Metropolitana y la presencia de ministros en distintas partes del pa\u00eds<\/p>\n","protected":false},"author":2,"featured_media":12957,"comment_status":"closed","ping_status":"open","sticky":false,"template":"","format":"standard","meta":{"_jetpack_memberships_contains_paid_content":false,"jnews-multi-image_gallery":[],"jnews_single_post":[],"jnews_primary_category":[],"jnews_social_meta":[],"jnews_paywall_metabox":[],"jnews_review":[],"enable_review":"","type":"","name":"","summary":"","brand":"","sku":"","good":[],"bad":[],"score_override":"","override_value":"","rating":[],"price":[],"jnews_override_counter":[],"jnews_post_split":[],"footnotes":""},"categories":[83],"tags":[],"class_list":["post-12958","post","type-post","status-publish","format-standard","has-post-thumbnail","hentry","category-politica"],"jetpack_featured_media_url":"https:\/\/laserenaradio.cl\/web\/wp-content\/uploads\/2025\/03\/homepiaiextractoscrapimg_webpBoricgobierno_0.webp","jetpack_sharing_enabled":true,"_links":{"self":[{"href":"https:\/\/laserenaradio.cl\/web\/wp-json\/wp\/v2\/posts\/12958","targetHints":{"allow":["GET"]}}],"collection":[{"href":"https:\/\/laserenaradio.cl\/web\/wp-json\/wp\/v2\/posts"}],"about":[{"href":"https:\/\/laserenaradio.cl\/web\/wp-json\/wp\/v2\/types\/post"}],"author":[{"embeddable":true,"href":"https:\/\/laserenaradio.cl\/web\/wp-json\/wp\/v2\/users\/2"}],"replies":[{"embeddable":true,"href":"https:\/\/laserenaradio.cl\/web\/wp-json\/wp\/v2\/comments?post=12958"}],"version-history":[{"count":1,"href":"https:\/\/laserenaradio.cl\/web\/wp-json\/wp\/v2\/posts\/12958\/revisions"}],"predecessor-version":[{"id":12959,"href":"https:\/\/laserenaradio.cl\/web\/wp-json\/wp\/v2\/posts\/12958\/revisions\/12959"}],"wp:featuredmedia":[{"embeddable":true,"href":"https:\/\/laserenaradio.cl\/web\/wp-json\/wp\/v2\/media\/12957"}],"wp:attachment":[{"href":"https:\/\/laserenaradio.cl\/web\/wp-json\/wp\/v2\/media?parent=12958"}],"wp:term":[{"taxonomy":"category","embeddable":true,"href":"https:\/\/laserenaradio.cl\/web\/wp-json\/wp\/v2\/categories?post=12958"},{"taxonomy":"post_tag","embeddable":true,"href":"https:\/\/laserenaradio.cl\/web\/wp-json\/wp\/v2\/tags?post=12958"}],"curies":[{"name":"wp","href":"https:\/\/api.w.org\/{rel}","templated":true}]}}