{"id":12955,"date":"2025-03-10T12:38:46","date_gmt":"2025-03-10T15:38:46","guid":{"rendered":"https:\/\/laserenaradio.cl\/web\/?p=12955"},"modified":"2025-03-10T12:38:46","modified_gmt":"2025-03-10T15:38:46","slug":"congreso-plantea-investigaciones-apagon-masivo-y-millonarios-traspasos-a-hacienda","status":"publish","type":"post","link":"https:\/\/laserenaradio.cl\/web\/2025\/03\/10\/congreso-plantea-investigaciones-apagon-masivo-y-millonarios-traspasos-a-hacienda\/","title":{"rendered":"Congreso plantea investigaciones: apag\u00f3n masivo y millonarios traspasos a Hacienda"},"content":{"rendered":"<p><b>Esta semana, el Congreso realizar\u00e1 tres sesiones especiales para abordar temas cr\u00edticos: el apag\u00f3n masivo y los millonarios traspasos de Corfo al <a href=\"https:\/\/www.hacienda.cl\/\">Ministerio de Hacienda<\/a><\/b><!--more-->.<\/p>\n<p>Las sesiones se desarrollar\u00e1n en la C\u00e1mara de Diputados y el Senado, con la participaci\u00f3n del Ejecutivo. Ministros clave ser\u00e1n interrogados sobre estos temas: \u00c1lvaro Elizalde (Interior), Diego Pardow (Energ\u00eda), Juan Carlos Mu\u00f1oz (Transportes) y Mario Marcel (Hacienda). Este es un llamado inusual, ya que tres sesiones especiales se celebrar\u00e1n entre este lunes y el mi\u00e9rcoles.<\/p>\n<p>En la C\u00e1mara de Diputados, se discutir\u00e1 sobre los efectos del megacorte el\u00e9ctrico que afect\u00f3 al 95% del pa\u00eds.<\/p>\n<p>El diputado Gustavo Benavente de la UDI resalta la necesidad de conocer si exist\u00eda un plan de contingencia. Por otro lado, el Senado abordar\u00e1 las consecuencias del apag\u00f3n y los traspasos millonarios desde Corfo a Hacienda en 2023. El senador Jos\u00e9 Garc\u00eda Ruminot espera que se diluciden las acciones adoptadas y se saquen lecciones.<\/p>\n<p>Finalmente, la sesi\u00f3n de la C\u00e1mara Baja tendr\u00e1 lugar este lunes, mientras que el martes se sesionar\u00e1 sobre los traspasos en el Senado, y el mi\u00e9rcoles se concentrar\u00e1 en el apag\u00f3n.<\/p>\n","protected":false},"excerpt":{"rendered":"<p>Esta semana, el Congreso realizar\u00e1 tres sesiones especiales para abordar temas cr\u00edticos: el apag\u00f3n masivo y los millonarios traspasos de Corfo al Ministerio de Hacienda<\/p>\n","protected":false},"author":2,"featured_media":12954,"comment_status":"closed","ping_status":"open","sticky":false,"template":"","format":"standard","meta":{"_jetpack_memberships_contains_paid_content":false,"jnews-multi-image_gallery":[],"jnews_single_post":[],"jnews_primary_category":[],"jnews_social_meta":[],"jnews_paywall_metabox":[],"jnews_review":[],"enable_review":"","type":"","name":"","summary":"","brand":"","sku":"","good":[],"bad":[],"score_override":"","override_value":"","rating":[],"price":[],"jnews_override_counter":[],"jnews_post_split":[],"footnotes":""},"categories":[83],"tags":[],"class_list":["post-12955","post","type-post","status-publish","format-standard","has-post-thumbnail","hentry","category-politica"],"jetpack_featured_media_url":"https:\/\/laserenaradio.cl\/web\/wp-content\/uploads\/2025\/03\/homepiaiextractoscrapimg_webptraspasosHaciendaSenadoCongreso_0.webp","jetpack_sharing_enabled":true,"_links":{"self":[{"href":"https:\/\/laserenaradio.cl\/web\/wp-json\/wp\/v2\/posts\/12955","targetHints":{"allow":["GET"]}}],"collection":[{"href":"https:\/\/laserenaradio.cl\/web\/wp-json\/wp\/v2\/posts"}],"about":[{"href":"https:\/\/laserenaradio.cl\/web\/wp-json\/wp\/v2\/types\/post"}],"author":[{"embeddable":true,"href":"https:\/\/laserenaradio.cl\/web\/wp-json\/wp\/v2\/users\/2"}],"replies":[{"embeddable":true,"href":"https:\/\/laserenaradio.cl\/web\/wp-json\/wp\/v2\/comments?post=12955"}],"version-history":[{"count":1,"href":"https:\/\/laserenaradio.cl\/web\/wp-json\/wp\/v2\/posts\/12955\/revisions"}],"predecessor-version":[{"id":12956,"href":"https:\/\/laserenaradio.cl\/web\/wp-json\/wp\/v2\/posts\/12955\/revisions\/12956"}],"wp:featuredmedia":[{"embeddable":true,"href":"https:\/\/laserenaradio.cl\/web\/wp-json\/wp\/v2\/media\/12954"}],"wp:attachment":[{"href":"https:\/\/laserenaradio.cl\/web\/wp-json\/wp\/v2\/media?parent=12955"}],"wp:term":[{"taxonomy":"category","embeddable":true,"href":"https:\/\/laserenaradio.cl\/web\/wp-json\/wp\/v2\/categories?post=12955"},{"taxonomy":"post_tag","embeddable":true,"href":"https:\/\/laserenaradio.cl\/web\/wp-json\/wp\/v2\/tags?post=12955"}],"curies":[{"name":"wp","href":"https:\/\/api.w.org\/{rel}","templated":true}]}}