{"id":12949,"date":"2025-03-10T10:28:03","date_gmt":"2025-03-10T13:28:03","guid":{"rendered":"https:\/\/laserenaradio.cl\/web\/?p=12949"},"modified":"2025-03-10T10:28:03","modified_gmt":"2025-03-10T13:28:03","slug":"carlos-duran-y-miguel-crispi-ante-la-comision-investigadora-por-el-caso-manuel-monsalve","status":"publish","type":"post","link":"https:\/\/laserenaradio.cl\/web\/2025\/03\/10\/carlos-duran-y-miguel-crispi-ante-la-comision-investigadora-por-el-caso-manuel-monsalve\/","title":{"rendered":"Carlos Dur\u00e1n y Miguel Crispi ante la comisi\u00f3n investigadora por el caso Manuel Monsalve"},"content":{"rendered":"<p><b>Carlos Dur\u00e1n, jefe de Gabinete de la Presidencia, y Miguel Crispi, asesor del Segundo Piso de La Moneda, comparecer\u00e1n ante la comisi\u00f3n investigadora por el caso Manuel Monsalve<\/b><!--more-->.<\/p>\n<p>Los encuentros tendr\u00e1n lugar a partir de las 10:30 de la ma\u00f1ana.<\/p>\n<p>Durante estas sesiones, ambos funcionarios deber\u00e1n responder preguntas formuladas por los parlamentarios, quienes recuerdan cuando Crispi evit\u00f3 responder cuestionamientos en diciembre del a\u00f1o pasado. El argumento entonces fue que sus conversaciones con el presidente Boric eran privadas y, por lo tanto, no deb\u00edan ser divulgadas.<\/p>\n<p>Las discusiones centran su atenci\u00f3n en el manejo de la crisis que gener\u00f3 la acusaci\u00f3n contra Monsalve y en las decisiones del jefe de Estado de destituirlo dos d\u00edas despu\u00e9s.<\/p>\n<p>Tom\u00e1s Lagomarsino, diputado del Partido Radical, espera que esta situaci\u00f3n no se repita.<\/p>\n<p>Carla Morales, diputada de Renovaci\u00f3n Nacional e integrante de la comisi\u00f3n, se\u00f1ala que es crucial evitar que las sesiones sirvan como estrategia para beneficiar al oficialismo.<\/p>\n<p>La \u00faltima sesi\u00f3n de la comisi\u00f3n est\u00e1 programada para el 17 de marzo y desde esa fecha los parlamentarios tendr\u00e1n un plazo de 15 d\u00edas para recopilar todas las evidencias y presentar sus conclusiones.<\/p>\n","protected":false},"excerpt":{"rendered":"<p>Carlos Dur\u00e1n, jefe de Gabinete de la Presidencia, y Miguel Crispi, asesor del Segundo Piso de La Moneda, comparecer\u00e1n ante la comisi\u00f3n investigadora por el caso Manuel Monsalve<\/p>\n","protected":false},"author":2,"featured_media":12948,"comment_status":"closed","ping_status":"open","sticky":false,"template":"","format":"standard","meta":{"_jetpack_memberships_contains_paid_content":false,"jnews-multi-image_gallery":[],"jnews_single_post":[],"jnews_primary_category":[],"jnews_social_meta":[],"jnews_paywall_metabox":[],"jnews_review":[],"enable_review":"","type":"","name":"","summary":"","brand":"","sku":"","good":[],"bad":[],"score_override":"","override_value":"","rating":[],"price":[],"jnews_override_counter":[],"jnews_post_split":[],"footnotes":""},"categories":[83],"tags":[],"class_list":["post-12949","post","type-post","status-publish","format-standard","has-post-thumbnail","hentry","category-politica"],"jetpack_featured_media_url":"https:\/\/laserenaradio.cl\/web\/wp-content\/uploads\/2025\/03\/homepiaiextractoscrapimg_webpCarlosjefeMiguelCrispiinvestigadora_1.webp","jetpack_sharing_enabled":true,"_links":{"self":[{"href":"https:\/\/laserenaradio.cl\/web\/wp-json\/wp\/v2\/posts\/12949","targetHints":{"allow":["GET"]}}],"collection":[{"href":"https:\/\/laserenaradio.cl\/web\/wp-json\/wp\/v2\/posts"}],"about":[{"href":"https:\/\/laserenaradio.cl\/web\/wp-json\/wp\/v2\/types\/post"}],"author":[{"embeddable":true,"href":"https:\/\/laserenaradio.cl\/web\/wp-json\/wp\/v2\/users\/2"}],"replies":[{"embeddable":true,"href":"https:\/\/laserenaradio.cl\/web\/wp-json\/wp\/v2\/comments?post=12949"}],"version-history":[{"count":1,"href":"https:\/\/laserenaradio.cl\/web\/wp-json\/wp\/v2\/posts\/12949\/revisions"}],"predecessor-version":[{"id":12950,"href":"https:\/\/laserenaradio.cl\/web\/wp-json\/wp\/v2\/posts\/12949\/revisions\/12950"}],"wp:featuredmedia":[{"embeddable":true,"href":"https:\/\/laserenaradio.cl\/web\/wp-json\/wp\/v2\/media\/12948"}],"wp:attachment":[{"href":"https:\/\/laserenaradio.cl\/web\/wp-json\/wp\/v2\/media?parent=12949"}],"wp:term":[{"taxonomy":"category","embeddable":true,"href":"https:\/\/laserenaradio.cl\/web\/wp-json\/wp\/v2\/categories?post=12949"},{"taxonomy":"post_tag","embeddable":true,"href":"https:\/\/laserenaradio.cl\/web\/wp-json\/wp\/v2\/tags?post=12949"}],"curies":[{"name":"wp","href":"https:\/\/api.w.org\/{rel}","templated":true}]}}