{"id":12871,"date":"2025-03-08T21:35:52","date_gmt":"2025-03-09T00:35:52","guid":{"rendered":"https:\/\/laserenaradio.cl\/web\/?p=12871"},"modified":"2025-03-08T21:35:52","modified_gmt":"2025-03-09T00:35:52","slug":"evelyn-matthei-advierte-al-gobierno-sobre-prioridades-para-las-mujeres","status":"publish","type":"post","link":"https:\/\/laserenaradio.cl\/web\/2025\/03\/08\/evelyn-matthei-advierte-al-gobierno-sobre-prioridades-para-las-mujeres\/","title":{"rendered":"Evelyn Matthei advierte al gobierno sobre prioridades para las mujeres"},"content":{"rendered":"<p><b>En el marco del D\u00eda Internacional de la Mujer, la candidata Evelyn Matthei (UDI) y RN, enfatiz\u00f3 su postura frente al proyecto de ley de aborto libre impulsado por el gobierno<\/b><!--more-->.<\/p>\n<p>Durante un conversatorio en San Miguel, Matthei remarc\u00f3 que las mujeres chilenas priorizan seguridad ciudadana y empleo sobre otros asuntos. Matthei destac\u00f3: &#8220;No se equivoque en eso&#8221;, expresi\u00f3n que transmite su posici\u00f3n clara y concisa al presidente Gabriel Boric. Esto ocurre mientras el Ejecutivo reitera la importancia de \u201cabrir el debate\u201d sobre el proyecto de ley que genera controversia dentro del mundo pol\u00edtico.<\/p>\n<p>La ministra de la Mujer y Equidad de G\u00e9nero, Antonia Orellana, ha indicado que pese a las cr\u00edticas y los intentos de evitar el debate, el gobierno considera que presentar el proyecto tiene sentido para romper vetos hist\u00f3ricos. Seg\u00fan ella, el objetivo es &#8220;abrir este debate y romper los vetos&#8221; y garantizar una implementaci\u00f3n efectiva.<\/p>\n<p>En cuanto a la fecha de presentaci\u00f3n del proyecto, Orellana mencion\u00f3 que se necesita primero asegurar &#8220;una buena implementaci\u00f3n de las tres causales&#8221;, debido a un reciente cambio en el reglamento que debe ser debatido. Asegur\u00f3: \u201cEl proyecto est\u00e1 listo, pero los pasos con organizaciones de expertas y quienes tramitaron las tres causales, es asegurar ese buen cumplimiento\u201d.<\/p>\n<p>Este mensaje de Matthei se inscribe en un contexto donde la agenda de g\u00e9nero enfrenta tensiones significativas dentro del panorama pol\u00edtico chileno.<\/p>\n","protected":false},"excerpt":{"rendered":"<p>En el marco del D\u00eda Internacional de la Mujer, la candidata Evelyn Matthei (UDI) y RN, enfatiz\u00f3 su postura frente al proyecto de ley de aborto libre impulsado por el gobierno<\/p>\n","protected":false},"author":2,"featured_media":12870,"comment_status":"closed","ping_status":"open","sticky":false,"template":"","format":"standard","meta":{"_jetpack_memberships_contains_paid_content":false,"jnews-multi-image_gallery":[],"jnews_single_post":[],"jnews_primary_category":[],"jnews_social_meta":[],"jnews_paywall_metabox":[],"jnews_review":[],"enable_review":"","type":"","name":"","summary":"","brand":"","sku":"","good":[],"bad":[],"score_override":"","override_value":"","rating":[],"price":[],"jnews_override_counter":[],"jnews_post_split":[],"footnotes":""},"categories":[83],"tags":[],"class_list":["post-12871","post","type-post","status-publish","format-standard","has-post-thumbnail","hentry","category-politica"],"jetpack_featured_media_url":"https:\/\/laserenaradio.cl\/web\/wp-content\/uploads\/2025\/03\/homepiaiextractoscrapimg_webpproyectogobiernoMattheisobre_1.webp","jetpack_sharing_enabled":true,"_links":{"self":[{"href":"https:\/\/laserenaradio.cl\/web\/wp-json\/wp\/v2\/posts\/12871","targetHints":{"allow":["GET"]}}],"collection":[{"href":"https:\/\/laserenaradio.cl\/web\/wp-json\/wp\/v2\/posts"}],"about":[{"href":"https:\/\/laserenaradio.cl\/web\/wp-json\/wp\/v2\/types\/post"}],"author":[{"embeddable":true,"href":"https:\/\/laserenaradio.cl\/web\/wp-json\/wp\/v2\/users\/2"}],"replies":[{"embeddable":true,"href":"https:\/\/laserenaradio.cl\/web\/wp-json\/wp\/v2\/comments?post=12871"}],"version-history":[{"count":1,"href":"https:\/\/laserenaradio.cl\/web\/wp-json\/wp\/v2\/posts\/12871\/revisions"}],"predecessor-version":[{"id":12872,"href":"https:\/\/laserenaradio.cl\/web\/wp-json\/wp\/v2\/posts\/12871\/revisions\/12872"}],"wp:featuredmedia":[{"embeddable":true,"href":"https:\/\/laserenaradio.cl\/web\/wp-json\/wp\/v2\/media\/12870"}],"wp:attachment":[{"href":"https:\/\/laserenaradio.cl\/web\/wp-json\/wp\/v2\/media?parent=12871"}],"wp:term":[{"taxonomy":"category","embeddable":true,"href":"https:\/\/laserenaradio.cl\/web\/wp-json\/wp\/v2\/categories?post=12871"},{"taxonomy":"post_tag","embeddable":true,"href":"https:\/\/laserenaradio.cl\/web\/wp-json\/wp\/v2\/tags?post=12871"}],"curies":[{"name":"wp","href":"https:\/\/api.w.org\/{rel}","templated":true}]}}