{"id":12868,"date":"2025-03-08T21:30:42","date_gmt":"2025-03-09T00:30:42","guid":{"rendered":"https:\/\/laserenaradio.cl\/web\/?p=12868"},"modified":"2025-03-08T21:30:42","modified_gmt":"2025-03-09T00:30:42","slug":"gabriel-boric-presenta-proyectos-para-fortalecer-la-igualdad-de-genero-en-el-sistema-electoral","status":"publish","type":"post","link":"https:\/\/laserenaradio.cl\/web\/2025\/03\/08\/gabriel-boric-presenta-proyectos-para-fortalecer-la-igualdad-de-genero-en-el-sistema-electoral\/","title":{"rendered":"Gabriel Boric presenta proyectos para fortalecer la igualdad de g\u00e9nero en el sistema electoral"},"content":{"rendered":"<p><b>En el contexto del D\u00eda Internacional de la Mujer, el presidente Gabriel Boric anunci\u00f3 proyectos que buscan garantizar la igualdad en el sistema electoral<\/b><!--more-->.<\/p>\n<p>Dos reformas principales se introducir\u00e1n: una al art\u00edculo 18 de la Constituci\u00f3n para incorporar el principio de igualdad entre hombres y mujeres; y otra a la Ley Org\u00e1nica Constitucional sobre votaciones populares, escrutinios, gobierno regional y municipalidades.<\/p>\n<p>Con este \u00faltimo proyecto, se establecer\u00e1 que todas las listas a candidaturas pluripersonales deban ser encabezadas por mujeres y alternadas entre hombres y mujeres sucesivamente.<\/p>\n<p>&#8220;Lo que queremos hacer es cambiar las normas para que el liderazgo de las mujeres sea m\u00e1s visible y puedan acceder sin trabas a espacios de toma de decisi\u00f3n, en especial a nivel regional y municipal&#8221;, explic\u00f3 Boric.<\/p>\n<p>Agregando que &#8220;este mecanismo va a ayudar a superar las brechas hist\u00f3ricas enfrentadas por las mujeres que deciden dedicarse a la pol\u00edtica y al servicio p\u00fablico&#8221;, el presidente enfatiz\u00f3 la importancia de un sistema electoral m\u00e1s equilibrado.<\/p>\n<p>&#8220;Las mujeres tienen derecho a estar presentes en los espacios de poder pol\u00edtico. Que haya m\u00e1s mujeres en cargos electos contribuir\u00e1 a tener organismos m\u00e1s representativos y una mejor toma de decisiones&#8221;, agreg\u00f3.<\/p>\n<p>Por su parte, la ministra de la Mujer y la Equidad de G\u00e9nero, Antonia Orellana, destac\u00f3 que la iniciativa tiene como objetivo el equilibrio en la participaci\u00f3n pol\u00edtica.<\/p>\n<p>&#8220;Continuamos con el camino dejado por la Presidenta Bachelet con la Ley de Cuotas, proyect\u00e1ndolo hacia el \u00e1mbito m\u00e1s cotidiano y de mayor participaci\u00f3n de las mujeres&#8221;, afirm\u00f3.<\/p>\n<p>Orellana subray\u00f3 que no se puede detenerse aqu\u00ed: &#8220;Tenemos barreras estructurales que limitan el pleno ejercicio de nuestros derechos y es fundamental la continuidad de las pol\u00edticas p\u00fablicas. Cuando avanzan las mujeres, avanza el pa\u00eds entero&#8221;.<\/p>\n","protected":false},"excerpt":{"rendered":"<p>En el contexto del D\u00eda Internacional de la Mujer, el presidente Gabriel Boric anunci\u00f3 proyectos que buscan garantizar la igualdad en el sistema electoral<\/p>\n","protected":false},"author":2,"featured_media":12867,"comment_status":"closed","ping_status":"open","sticky":false,"template":"","format":"standard","meta":{"_jetpack_memberships_contains_paid_content":false,"jnews-multi-image_gallery":[],"jnews_single_post":[],"jnews_primary_category":[],"jnews_social_meta":[],"jnews_paywall_metabox":[],"jnews_review":[],"enable_review":"","type":"","name":"","summary":"","brand":"","sku":"","good":[],"bad":[],"score_override":"","override_value":"","rating":[],"price":[],"jnews_override_counter":[],"jnews_post_split":[],"footnotes":""},"categories":[83],"tags":[],"class_list":["post-12868","post","type-post","status-publish","format-standard","has-post-thumbnail","hentry","category-politica"],"jetpack_featured_media_url":"https:\/\/laserenaradio.cl\/web\/wp-content\/uploads\/2025\/03\/homepiaiextractoscrapimg_webpmujeresigualdadsistemaelectoral_0.webp","jetpack_sharing_enabled":true,"_links":{"self":[{"href":"https:\/\/laserenaradio.cl\/web\/wp-json\/wp\/v2\/posts\/12868","targetHints":{"allow":["GET"]}}],"collection":[{"href":"https:\/\/laserenaradio.cl\/web\/wp-json\/wp\/v2\/posts"}],"about":[{"href":"https:\/\/laserenaradio.cl\/web\/wp-json\/wp\/v2\/types\/post"}],"author":[{"embeddable":true,"href":"https:\/\/laserenaradio.cl\/web\/wp-json\/wp\/v2\/users\/2"}],"replies":[{"embeddable":true,"href":"https:\/\/laserenaradio.cl\/web\/wp-json\/wp\/v2\/comments?post=12868"}],"version-history":[{"count":1,"href":"https:\/\/laserenaradio.cl\/web\/wp-json\/wp\/v2\/posts\/12868\/revisions"}],"predecessor-version":[{"id":12869,"href":"https:\/\/laserenaradio.cl\/web\/wp-json\/wp\/v2\/posts\/12868\/revisions\/12869"}],"wp:featuredmedia":[{"embeddable":true,"href":"https:\/\/laserenaradio.cl\/web\/wp-json\/wp\/v2\/media\/12867"}],"wp:attachment":[{"href":"https:\/\/laserenaradio.cl\/web\/wp-json\/wp\/v2\/media?parent=12868"}],"wp:term":[{"taxonomy":"category","embeddable":true,"href":"https:\/\/laserenaradio.cl\/web\/wp-json\/wp\/v2\/categories?post=12868"},{"taxonomy":"post_tag","embeddable":true,"href":"https:\/\/laserenaradio.cl\/web\/wp-json\/wp\/v2\/tags?post=12868"}],"curies":[{"name":"wp","href":"https:\/\/api.w.org\/{rel}","templated":true}]}}