{"id":12846,"date":"2025-03-08T15:52:50","date_gmt":"2025-03-08T18:52:50","guid":{"rendered":"https:\/\/laserenaradio.cl\/web\/?p=12846"},"modified":"2025-03-08T15:52:50","modified_gmt":"2025-03-08T18:52:50","slug":"la-candidatura-presidencial-de-carolina-toha-toma-impulso-tras-la-ausencia-de-michelle-bachelet","status":"publish","type":"post","link":"https:\/\/laserenaradio.cl\/web\/2025\/03\/08\/la-candidatura-presidencial-de-carolina-toha-toma-impulso-tras-la-ausencia-de-michelle-bachelet\/","title":{"rendered":"La candidatura presidencial de Carolina Toh\u00e1 toma impulso tras la ausencia de Michelle Bachelet"},"content":{"rendered":"<p><b>La candidatura presidencial de Carolina Toh\u00e1 ha ganado fuerza con la confirmaci\u00f3n de que Michelle Bachelet no postular\u00e1, convirti\u00e9ndola en la figura m\u00e1s relevante del oficialismo<\/b><!--more-->.<\/p>\n<p>Seg\u00fan los recientes datos del Panel Ciudadano de la Universidad del Desarrollo (UDD), Toh\u00e1 se ha cuadruplicado en intenci\u00f3n de voto, pasando de un 3% a un 12%.<\/p>\n<p>A pesar de este progreso significativo, sigue qued\u00e1ndose atr\u00e1s de las principales figuras opositoras: Evelyn Matthei y Johannes Kaiser.<\/p>\n<p>La candidata del oficialismo reconoci\u00f3 la importancia de mantener una tendencia consistente en el tiempo y destac\u00f3 su apoyo a la realizaci\u00f3n de primarias para fortalecer la confianza ciudadana.<\/p>\n<p>Jaime Quintana, senador y l\u00edder del Partido Socialista Democr\u00e1tico (PSD), subray\u00f3 que Toh\u00e1 representa el legado pol\u00edtico de Bachelet, aunque no descartar\u00eda que su partido podr\u00eda respaldar su candidatura.<\/p>\n<p>En cuanto a la futura direcci\u00f3n del PS, la junta directiva declar\u00f3 que, por ahora, no ha tomado una decisi\u00f3n sobre el liderazgo presidencial y continuar\u00e1 con sus programas para garantizar una lista parlamentaria incluyendo todas las fuerzas democr\u00e1ticas.<\/p>\n<p>Por otro lado, Alberto Undurraga, presidente de la Democracia Cristiana (DC), oficializ\u00f3 su precandidatura ante el Tribunal Supremo del partido.<\/p>\n<p>\u00c9l planea competir en las primarias con el Socialismo Democr\u00e1tico y ha declarado que la Junta Nacional definir\u00e1 su postulaci\u00f3n el 15 de marzo pr\u00f3ximo.<\/p>\n<p>En tanto, el Frente Amplio mantiene su evaluaci\u00f3n de posibles candidatos para las elecciones.<\/p>\n<p>La presidenta del partido, Constanza Mart\u00ednez, mencion\u00f3 que entre los nombres en consideraci\u00f3n est\u00e1n Gonzalo Winter, Tom\u00e1s Vodanovic y Beatriz S\u00e1nchez.<\/p>\n<p>La decisi\u00f3n final ser\u00e1 tomada el 15 de marzo en la reuni\u00f3n del Comit\u00e9 Central.<\/p>\n<p>La din\u00e1mica pol\u00edtica actual muestra un entorno din\u00e1mico con m\u00faltiples candidatos disputando el liderazgo para las elecciones presidenciales, cada uno con su propia estrategia y respaldo partidista.<\/p>\n","protected":false},"excerpt":{"rendered":"<p>La candidatura presidencial de Carolina Toh\u00e1 ha ganado fuerza con la confirmaci\u00f3n de que Michelle Bachelet no postular\u00e1, convirti\u00e9ndola en la figura m\u00e1s relevante del oficialismo<\/p>\n","protected":false},"author":2,"featured_media":12845,"comment_status":"closed","ping_status":"open","sticky":false,"template":"","format":"standard","meta":{"_jetpack_memberships_contains_paid_content":false,"jnews-multi-image_gallery":[],"jnews_single_post":[],"jnews_primary_category":[],"jnews_social_meta":[],"jnews_paywall_metabox":[],"jnews_review":[],"enable_review":"","type":"","name":"","summary":"","brand":"","sku":"","good":[],"bad":[],"score_override":"","override_value":"","rating":[],"price":[],"jnews_override_counter":[],"jnews_post_split":[],"footnotes":""},"categories":[83],"tags":[],"class_list":["post-12846","post","type-post","status-publish","format-standard","has-post-thumbnail","hentry","category-politica"],"jetpack_featured_media_url":"https:\/\/laserenaradio.cl\/web\/wp-content\/uploads\/2025\/03\/homepiaiextractoscrapimg_predeterminadalaserenaradio_politica-3.webp","jetpack_sharing_enabled":true,"_links":{"self":[{"href":"https:\/\/laserenaradio.cl\/web\/wp-json\/wp\/v2\/posts\/12846","targetHints":{"allow":["GET"]}}],"collection":[{"href":"https:\/\/laserenaradio.cl\/web\/wp-json\/wp\/v2\/posts"}],"about":[{"href":"https:\/\/laserenaradio.cl\/web\/wp-json\/wp\/v2\/types\/post"}],"author":[{"embeddable":true,"href":"https:\/\/laserenaradio.cl\/web\/wp-json\/wp\/v2\/users\/2"}],"replies":[{"embeddable":true,"href":"https:\/\/laserenaradio.cl\/web\/wp-json\/wp\/v2\/comments?post=12846"}],"version-history":[{"count":1,"href":"https:\/\/laserenaradio.cl\/web\/wp-json\/wp\/v2\/posts\/12846\/revisions"}],"predecessor-version":[{"id":12847,"href":"https:\/\/laserenaradio.cl\/web\/wp-json\/wp\/v2\/posts\/12846\/revisions\/12847"}],"wp:featuredmedia":[{"embeddable":true,"href":"https:\/\/laserenaradio.cl\/web\/wp-json\/wp\/v2\/media\/12845"}],"wp:attachment":[{"href":"https:\/\/laserenaradio.cl\/web\/wp-json\/wp\/v2\/media?parent=12846"}],"wp:term":[{"taxonomy":"category","embeddable":true,"href":"https:\/\/laserenaradio.cl\/web\/wp-json\/wp\/v2\/categories?post=12846"},{"taxonomy":"post_tag","embeddable":true,"href":"https:\/\/laserenaradio.cl\/web\/wp-json\/wp\/v2\/tags?post=12846"}],"curies":[{"name":"wp","href":"https:\/\/api.w.org\/{rel}","templated":true}]}}