{"id":12824,"date":"2025-03-07T20:51:13","date_gmt":"2025-03-07T23:51:13","guid":{"rendered":"https:\/\/laserenaradio.cl\/web\/?p=12824"},"modified":"2025-03-07T20:51:13","modified_gmt":"2025-03-07T23:51:13","slug":"criticas-y-respuestas-vocera-del-gobierno-cuestiona-emergencia-comunal-en-nunoa","status":"publish","type":"post","link":"https:\/\/laserenaradio.cl\/web\/2025\/03\/07\/criticas-y-respuestas-vocera-del-gobierno-cuestiona-emergencia-comunal-en-nunoa\/","title":{"rendered":"Cr\u00edticas y respuestas: Vocera del Gobierno cuestiona emergencia comunal en \u00d1u\u00f1oa"},"content":{"rendered":"<p><b>En medio de una pol\u00e9mica ronda de declaraciones entre la ministra Ais\u00e9n Etcheverry, y el alcalde Sebasti\u00e1n Sichel, se discute la vigencia de la emergencia comunal en \u00d1u\u00f1oa. Etcheverry, vocera del Gobierno, cuestion\u00f3 la implementaci\u00f3n de la figura de emergencia comunal<\/b><!--more-->.<\/p>\n<p>Seg\u00fan ella, las &#8220;excusas&#8221; del Ejecutivo no son m\u00e1s que una maniobra para desviar la atenci\u00f3n desde la seguridad p\u00fablica. La ministra subray\u00f3 la importancia de un di\u00e1logo permanente entre el gobierno y los municipios para mejorar la coordinaci\u00f3n en materia de seguridad.<\/p>\n<p>En respuesta, Sichel defendi\u00f3 los dos decretos emitidos por su oficina, destacando que estos proporcionaron atribuciones especiales para &#8220;redestinar presupuesto&#8221; y &#8220;realizar obras inmediatas&#8221;. El alcalde tambi\u00e9n agradeci\u00f3 a AMUCH (Asociaci\u00f3n de Municipalidades de Chile) por valorar positivamente sus medidas.<\/p>\n<p>Por otro lado, Etcheverry mencion\u00f3 la emergencia comunal en \u00d1u\u00f1oa, que se declara tras un intento fallido de asesinato contra carabineros. La ministra afirm\u00f3 que esta figura no existe en el ordenamiento jur\u00eddico actual y puede confundir a las comunidades.<\/p>\n<p>El alcalde Sichel resalt\u00f3 la importancia de buscar soluciones, no excusas, para mejorar la seguridad municipal. Asegur\u00f3 que el Gobierno deber\u00eda facilitar el trabajo de los alcaldes a trav\u00e9s del desaf\u00edo legislativo de la Ley de Seguridad Municipal, que permitir\u00eda el uso de armamento no letal en las comunidades.<\/p>\n<p>En un tono similar al de Sichel, el jefe comunal subray\u00f3 su disposici\u00f3n para seguir trabajando en soluciones y cit\u00f3 su propia experiencia en La Reina, donde se implementaron medidas similares.<\/p>\n","protected":false},"excerpt":{"rendered":"<p>En medio de una pol\u00e9mica ronda de declaraciones entre la ministra Ais\u00e9n Etcheverry, y el alcalde Sebasti\u00e1n Sichel, se discute la vigencia de la emergencia comunal en \u00d1u\u00f1oa. Etcheverry, vocera del Gobierno, cuestion\u00f3 la implementaci\u00f3n de la figura de emergencia comunal<\/p>\n","protected":false},"author":2,"featured_media":12823,"comment_status":"closed","ping_status":"open","sticky":false,"template":"","format":"standard","meta":{"_jetpack_memberships_contains_paid_content":false,"jnews-multi-image_gallery":[],"jnews_single_post":[],"jnews_primary_category":[],"jnews_social_meta":[],"jnews_paywall_metabox":[],"jnews_review":[],"enable_review":"","type":"","name":"","summary":"","brand":"","sku":"","good":[],"bad":[],"score_override":"","override_value":"","rating":[],"price":[],"jnews_override_counter":[],"jnews_post_split":[],"footnotes":""},"categories":[83],"tags":[],"class_list":["post-12824","post","type-post","status-publish","format-standard","has-post-thumbnail","hentry","category-politica"],"jetpack_featured_media_url":"https:\/\/laserenaradio.cl\/web\/wp-content\/uploads\/2025\/03\/homepiaiextractoscrapimg_webpcomunalSichelemergenciaministra_1.webp","jetpack_sharing_enabled":true,"_links":{"self":[{"href":"https:\/\/laserenaradio.cl\/web\/wp-json\/wp\/v2\/posts\/12824","targetHints":{"allow":["GET"]}}],"collection":[{"href":"https:\/\/laserenaradio.cl\/web\/wp-json\/wp\/v2\/posts"}],"about":[{"href":"https:\/\/laserenaradio.cl\/web\/wp-json\/wp\/v2\/types\/post"}],"author":[{"embeddable":true,"href":"https:\/\/laserenaradio.cl\/web\/wp-json\/wp\/v2\/users\/2"}],"replies":[{"embeddable":true,"href":"https:\/\/laserenaradio.cl\/web\/wp-json\/wp\/v2\/comments?post=12824"}],"version-history":[{"count":1,"href":"https:\/\/laserenaradio.cl\/web\/wp-json\/wp\/v2\/posts\/12824\/revisions"}],"predecessor-version":[{"id":12825,"href":"https:\/\/laserenaradio.cl\/web\/wp-json\/wp\/v2\/posts\/12824\/revisions\/12825"}],"wp:featuredmedia":[{"embeddable":true,"href":"https:\/\/laserenaradio.cl\/web\/wp-json\/wp\/v2\/media\/12823"}],"wp:attachment":[{"href":"https:\/\/laserenaradio.cl\/web\/wp-json\/wp\/v2\/media?parent=12824"}],"wp:term":[{"taxonomy":"category","embeddable":true,"href":"https:\/\/laserenaradio.cl\/web\/wp-json\/wp\/v2\/categories?post=12824"},{"taxonomy":"post_tag","embeddable":true,"href":"https:\/\/laserenaradio.cl\/web\/wp-json\/wp\/v2\/tags?post=12824"}],"curies":[{"name":"wp","href":"https:\/\/api.w.org\/{rel}","templated":true}]}}