{"id":12818,"date":"2025-03-07T20:46:08","date_gmt":"2025-03-07T23:46:08","guid":{"rendered":"https:\/\/laserenaradio.cl\/web\/?p=12818"},"modified":"2025-03-07T20:46:08","modified_gmt":"2025-03-07T23:46:08","slug":"la-udi-amenaza-con-mocion-de-censura-contra-la-camara-de-diputados-por-caso-de-karol-cariola","status":"publish","type":"post","link":"https:\/\/laserenaradio.cl\/web\/2025\/03\/07\/la-udi-amenaza-con-mocion-de-censura-contra-la-camara-de-diputados-por-caso-de-karol-cariola\/","title":{"rendered":"La UDI amenaza con moci\u00f3n de censura contra la C\u00e1mara de Diputados por caso de Karol Cariola"},"content":{"rendered":"<p><b>Tras el allanamiento de la casa de Karol Cariola, presidenta de la C\u00e1mara de Diputados y militante comunista, la oposici\u00f3n liderada por la UDI ha presionado para que renuncie a su cargo<\/b><!--more-->.<\/p>\n<p>Las presiones insistentes de los miembros del Partido (UDI) no han tenido efecto hasta el momento. Para aumentar la tensi\u00f3n, los gremialistas amenazaron con una moci\u00f3n de censura contra la mesa de diputados si Cariola no renuncia en los pr\u00f3ximos d\u00edas.<\/p>\n<p>Gustavo Benavente, jefe de la bancada UDI, declar\u00f3: &#8220;Si no presenta su renuncia a la presidencia de la C\u00e1mara de Diputados dentro de los pr\u00f3ximos d\u00edas es imposible que nosotros, como C\u00e1mara de Diputados, no evaluemos una censura a la mesa&#8221;.<\/p>\n<p>En contraste, Daniel Melo, jefe de la bancada socialista, defendi\u00f3 a la legisladora. Seg\u00fan \u00e9l, &#8220;con esta censura propuesta por el UDI, que los socialistas rechazamos, se busca hacer da\u00f1o y sacar ganancias pol\u00edticas&#8221; y agreg\u00f3 que &#8220;hay una investigaci\u00f3n en curso, en la que no existe imputaci\u00f3n alguna&#8221;. Melo sostuvo que &#8220;la gente est\u00e1 cansada de la pelea chica&#8221;.<\/p>\n<p>Esta situaci\u00f3n refleja el clima pol\u00edtico tenso entre los partidos y resalta el respaldo al actuar de Cariola y su mesa por parte de otros sectores pol\u00edticos.<\/p>\n","protected":false},"excerpt":{"rendered":"<p>Tras el allanamiento de la casa de Karol Cariola, presidenta de la C\u00e1mara de Diputados y militante comunista, la oposici\u00f3n liderada por la UDI ha presionado para que renuncie a su cargo<\/p>\n","protected":false},"author":2,"featured_media":12817,"comment_status":"closed","ping_status":"open","sticky":false,"template":"","format":"standard","meta":{"_jetpack_memberships_contains_paid_content":false,"jnews-multi-image_gallery":[],"jnews_single_post":[],"jnews_primary_category":[],"jnews_social_meta":[],"jnews_paywall_metabox":[],"jnews_review":[],"enable_review":"","type":"","name":"","summary":"","brand":"","sku":"","good":[],"bad":[],"score_override":"","override_value":"","rating":[],"price":[],"jnews_override_counter":[],"jnews_post_split":[],"footnotes":""},"categories":[83],"tags":[],"class_list":["post-12818","post","type-post","status-publish","format-standard","has-post-thumbnail","hentry","category-politica"],"jetpack_featured_media_url":"https:\/\/laserenaradio.cl\/web\/wp-content\/uploads\/2025\/03\/homepiaiextractoscrapimg_predeterminadalaserenaradio_politica-2.webp","jetpack_sharing_enabled":true,"_links":{"self":[{"href":"https:\/\/laserenaradio.cl\/web\/wp-json\/wp\/v2\/posts\/12818","targetHints":{"allow":["GET"]}}],"collection":[{"href":"https:\/\/laserenaradio.cl\/web\/wp-json\/wp\/v2\/posts"}],"about":[{"href":"https:\/\/laserenaradio.cl\/web\/wp-json\/wp\/v2\/types\/post"}],"author":[{"embeddable":true,"href":"https:\/\/laserenaradio.cl\/web\/wp-json\/wp\/v2\/users\/2"}],"replies":[{"embeddable":true,"href":"https:\/\/laserenaradio.cl\/web\/wp-json\/wp\/v2\/comments?post=12818"}],"version-history":[{"count":1,"href":"https:\/\/laserenaradio.cl\/web\/wp-json\/wp\/v2\/posts\/12818\/revisions"}],"predecessor-version":[{"id":12819,"href":"https:\/\/laserenaradio.cl\/web\/wp-json\/wp\/v2\/posts\/12818\/revisions\/12819"}],"wp:featuredmedia":[{"embeddable":true,"href":"https:\/\/laserenaradio.cl\/web\/wp-json\/wp\/v2\/media\/12817"}],"wp:attachment":[{"href":"https:\/\/laserenaradio.cl\/web\/wp-json\/wp\/v2\/media?parent=12818"}],"wp:term":[{"taxonomy":"category","embeddable":true,"href":"https:\/\/laserenaradio.cl\/web\/wp-json\/wp\/v2\/categories?post=12818"},{"taxonomy":"post_tag","embeddable":true,"href":"https:\/\/laserenaradio.cl\/web\/wp-json\/wp\/v2\/tags?post=12818"}],"curies":[{"name":"wp","href":"https:\/\/api.w.org\/{rel}","templated":true}]}}