{"id":12812,"date":"2025-03-07T20:39:48","date_gmt":"2025-03-07T23:39:48","guid":{"rendered":"https:\/\/laserenaradio.cl\/web\/?p=12812"},"modified":"2025-03-07T20:39:48","modified_gmt":"2025-03-07T23:39:48","slug":"diputada-paula-labra-critica-al-gobierno-por-no-promover-el-embarazo-y-propone-medidas-para-fomentarlo","status":"publish","type":"post","link":"https:\/\/laserenaradio.cl\/web\/2025\/03\/07\/diputada-paula-labra-critica-al-gobierno-por-no-promover-el-embarazo-y-propone-medidas-para-fomentarlo\/","title":{"rendered":"Diputada Paula Labra critica al gobierno por no promover el embarazo y propone medidas para fomentarlo"},"content":{"rendered":"<p><b>La diputada Paula Labra ha expresado su preocupaci\u00f3n sobre la crisis de natalidad en nuestro pa\u00eds, que ha disminuido hasta la mitad en los \u00faltimos 30 a\u00f1os<\/b><!--more-->.<\/p>\n<p>En este contexto, propone implementar medidas para ayudar a mujeres y familias que desean tener hijos pero enfrentan diversos obst\u00e1culos, incluyendo problemas de fertilidad.<\/p>\n<p>\u201cNecesitamos una serie de medidas en distintos \u00e1mbitos para facilitar la conciliaci\u00f3n trabajo-familia y promover m\u00e1s pol\u00edticas p\u00fablicas para enfrentar los complejos tratamientos de fertilidad\u201d, sostuvo Labra. \u201cEs fundamental que las mujeres puedan acceder a la ayuda necesaria cuando quieran ser madres\u201d.<\/p>\n<p>Por un lado, se necesita facilitar la conciliaci\u00f3n entre el trabajo y la familia; por otro, se deben implementar pol\u00edticas p\u00fablicas para asistir a aquellas mujeres que deseen ser madres pero enfrenten dificultades, incluyendo el financiamiento de tratamientos de fertilidad.<\/p>\n<p>La diputada solicit\u00f3 una reuni\u00f3n con la ministra de la Mujer y Equidad de G\u00e9nero, Antonia Orellana, para discutir temas como permisos laborales para ex\u00e1menes de fertilidad y financiamiento para tratamientos.<\/p>\n<p>\u201cLa baja natalidad conlleva una serie de otros problemas en nuestra sociedad. La infertilidad es un tema creciente que, en algunos casos, sigue siendo tab\u00fa\u201d, a\u00f1adi\u00f3 Labra.<\/p>\n<p>Finalmente, la diputada critic\u00f3 al gobierno actual por su enfoque limitado en interrumpir embarazos, y no en facilitarlos. \u201cEs crucial avanzar cuanto antes para evitar que m\u00e1s mujeres sigan pagando las consecuencias de la falta de pol\u00edticas p\u00fablicas adecuadas y se vean obligadas a renunciar a su derecho de ser madres\u201d, concluy\u00f3 Labra.<\/p>\n","protected":false},"excerpt":{"rendered":"<p>La diputada Paula Labra ha expresado su preocupaci\u00f3n sobre la crisis de natalidad en nuestro pa\u00eds, que ha disminuido hasta la mitad en los \u00faltimos 30 a\u00f1os<\/p>\n","protected":false},"author":2,"featured_media":12811,"comment_status":"closed","ping_status":"open","sticky":false,"template":"","format":"standard","meta":{"_jetpack_memberships_contains_paid_content":false,"jnews-multi-image_gallery":[],"jnews_single_post":[],"jnews_primary_category":[],"jnews_social_meta":[],"jnews_paywall_metabox":[],"jnews_review":[],"enable_review":"","type":"","name":"","summary":"","brand":"","sku":"","good":[],"bad":[],"score_override":"","override_value":"","rating":[],"price":[],"jnews_override_counter":[],"jnews_post_split":[],"footnotes":""},"categories":[83],"tags":[],"class_list":["post-12812","post","type-post","status-publish","format-standard","has-post-thumbnail","hentry","category-politica"],"jetpack_featured_media_url":"https:\/\/laserenaradio.cl\/web\/wp-content\/uploads\/2025\/03\/homepiaiextractoscrapimg_predeterminadalaserenaradio_politica-1.webp","jetpack_sharing_enabled":true,"_links":{"self":[{"href":"https:\/\/laserenaradio.cl\/web\/wp-json\/wp\/v2\/posts\/12812","targetHints":{"allow":["GET"]}}],"collection":[{"href":"https:\/\/laserenaradio.cl\/web\/wp-json\/wp\/v2\/posts"}],"about":[{"href":"https:\/\/laserenaradio.cl\/web\/wp-json\/wp\/v2\/types\/post"}],"author":[{"embeddable":true,"href":"https:\/\/laserenaradio.cl\/web\/wp-json\/wp\/v2\/users\/2"}],"replies":[{"embeddable":true,"href":"https:\/\/laserenaradio.cl\/web\/wp-json\/wp\/v2\/comments?post=12812"}],"version-history":[{"count":1,"href":"https:\/\/laserenaradio.cl\/web\/wp-json\/wp\/v2\/posts\/12812\/revisions"}],"predecessor-version":[{"id":12813,"href":"https:\/\/laserenaradio.cl\/web\/wp-json\/wp\/v2\/posts\/12812\/revisions\/12813"}],"wp:featuredmedia":[{"embeddable":true,"href":"https:\/\/laserenaradio.cl\/web\/wp-json\/wp\/v2\/media\/12811"}],"wp:attachment":[{"href":"https:\/\/laserenaradio.cl\/web\/wp-json\/wp\/v2\/media?parent=12812"}],"wp:term":[{"taxonomy":"category","embeddable":true,"href":"https:\/\/laserenaradio.cl\/web\/wp-json\/wp\/v2\/categories?post=12812"},{"taxonomy":"post_tag","embeddable":true,"href":"https:\/\/laserenaradio.cl\/web\/wp-json\/wp\/v2\/tags?post=12812"}],"curies":[{"name":"wp","href":"https:\/\/api.w.org\/{rel}","templated":true}]}}