{"id":12796,"date":"2025-03-07T20:16:29","date_gmt":"2025-03-07T23:16:29","guid":{"rendered":"https:\/\/laserenaradio.cl\/web\/?p=12796"},"modified":"2025-03-07T20:16:29","modified_gmt":"2025-03-07T23:16:29","slug":"el-partido-comunista-pc-solidariza-con-karol-cariola-e-iraci-hassler-sobre-denuncias-por-trafico-de-influencias","status":"publish","type":"post","link":"https:\/\/laserenaradio.cl\/web\/2025\/03\/07\/el-partido-comunista-pc-solidariza-con-karol-cariola-e-iraci-hassler-sobre-denuncias-por-trafico-de-influencias\/","title":{"rendered":"El Partido Comunista (PC) solidariza con Karol Cariola e Irac\u00ed Hassler sobre denuncias por tr\u00e1fico de influencias"},"content":{"rendered":"<p><b>El Partido Comunista (PC) ha emitido una declaraci\u00f3n p\u00fablica en respuesta a la investigaci\u00f3n por tr\u00e1fico de influencias llevada a cabo por el Ministerio P\u00fablico contra dos de sus militantes destacadas: Irac\u00ed Hassler, exalcaldesa de Santiago, y Karol Cariola, diputada<\/b><!--more-->.<\/p>\n<p>Recientemente, la Polic\u00eda de Investigaciones (<a href=\"https:\/\/www.pdichile.cl\/\">PDI<\/a>) allan\u00f3 la vivienda de Cariola, revelando conversaciones por WhatsApp que podr\u00edan indicar delitos de corrupci\u00f3n. Entre estos chats, se destaca una comunicaci\u00f3n enero 18, 2022, donde Cariola solicita ayuda a Hassler para renovar una patente de alcoholes a favor de Emilio Yang, un empresario chino propietario de un mall en Santiago.<\/p>\n<p>Adem\u00e1s, la <a href=\"https:\/\/www.pdichile.cl\/\">PDI<\/a> menciona que Cariola se reuni\u00f3 con Emilio Yang, quien hab\u00eda apoyado su campa\u00f1a pol\u00edtica, y le pidi\u00f3 que indicara \u201ccu\u00e1les son las \u00e1reas en que el municipio necesita colaboraci\u00f3n por parte del gobierno chino\u201d.<\/p>\n<p>El informe de la <a href=\"https:\/\/www.pdichile.cl\/\">PDI<\/a> sugiere un posible delito de tr\u00e1fico de influencias, a lo que la <a href=\"https:\/\/www.fiscaliadechile.cl\/\">Fiscal\u00eda<\/a> afirma: &#8220;no cabe duda de que ha habido un abuso o prevalimiento&#8221;.<\/p>\n<p>En su declaraci\u00f3n, el Partido Comunista expresa su \u201csolidaridad con ambas compa\u00f1eras en este complejo momento, reiterando la importancia que cualquier cuestionamiento se aborde con responsabilidad y respeto al derecho a la defensa\u201d. Se comprometen a fortalecer los principios de probidad, integridad y transparencia, fundamentales para fomentar la confianza ciudadana.<\/p>\n<p>El PC subraya que \u201ctoda denuncia o indicio de falta de probidad debe ser investigada con rigor y transparencia, garantizando el debido proceso y el principio de objetividad. S\u00f3lo as\u00ed podremos fortalecer nuestras instituciones y velar porque quienes las integran act\u00faen siempre en beneficio del bien com\u00fan\u201d.<\/p>\n<p>Por \u00faltimo, indican que su compromiso partidario es \u201ccon la verdad, la justicia, en la construcci\u00f3n de una sociedad m\u00e1s transparente y equitativa\u201d.<\/p>\n","protected":false},"excerpt":{"rendered":"<p>El Partido Comunista (PC) ha emitido una declaraci\u00f3n p\u00fablica en respuesta a la investigaci\u00f3n por tr\u00e1fico de influencias llevada a cabo por el Ministerio P\u00fablico contra dos de sus militantes destacadas: Irac\u00ed Hassler, exalcaldesa de Santiago, y Karol Cariola, diputada<\/p>\n","protected":false},"author":2,"featured_media":12795,"comment_status":"closed","ping_status":"open","sticky":false,"template":"","format":"standard","meta":{"_jetpack_memberships_contains_paid_content":false,"jnews-multi-image_gallery":[],"jnews_single_post":[],"jnews_primary_category":[],"jnews_social_meta":[],"jnews_paywall_metabox":[],"jnews_review":[],"enable_review":"","type":"","name":"","summary":"","brand":"","sku":"","good":[],"bad":[],"score_override":"","override_value":"","rating":[],"price":[],"jnews_override_counter":[],"jnews_post_split":[],"footnotes":""},"categories":[83],"tags":[],"class_list":["post-12796","post","type-post","status-publish","format-standard","has-post-thumbnail","hentry","category-politica"],"jetpack_featured_media_url":"https:\/\/laserenaradio.cl\/web\/wp-content\/uploads\/2025\/03\/homepiaiextractoscrapimg_webpinfluenciasHasslerKarolCariolapdichile_0.webp","jetpack_sharing_enabled":true,"_links":{"self":[{"href":"https:\/\/laserenaradio.cl\/web\/wp-json\/wp\/v2\/posts\/12796","targetHints":{"allow":["GET"]}}],"collection":[{"href":"https:\/\/laserenaradio.cl\/web\/wp-json\/wp\/v2\/posts"}],"about":[{"href":"https:\/\/laserenaradio.cl\/web\/wp-json\/wp\/v2\/types\/post"}],"author":[{"embeddable":true,"href":"https:\/\/laserenaradio.cl\/web\/wp-json\/wp\/v2\/users\/2"}],"replies":[{"embeddable":true,"href":"https:\/\/laserenaradio.cl\/web\/wp-json\/wp\/v2\/comments?post=12796"}],"version-history":[{"count":1,"href":"https:\/\/laserenaradio.cl\/web\/wp-json\/wp\/v2\/posts\/12796\/revisions"}],"predecessor-version":[{"id":12797,"href":"https:\/\/laserenaradio.cl\/web\/wp-json\/wp\/v2\/posts\/12796\/revisions\/12797"}],"wp:featuredmedia":[{"embeddable":true,"href":"https:\/\/laserenaradio.cl\/web\/wp-json\/wp\/v2\/media\/12795"}],"wp:attachment":[{"href":"https:\/\/laserenaradio.cl\/web\/wp-json\/wp\/v2\/media?parent=12796"}],"wp:term":[{"taxonomy":"category","embeddable":true,"href":"https:\/\/laserenaradio.cl\/web\/wp-json\/wp\/v2\/categories?post=12796"},{"taxonomy":"post_tag","embeddable":true,"href":"https:\/\/laserenaradio.cl\/web\/wp-json\/wp\/v2\/tags?post=12796"}],"curies":[{"name":"wp","href":"https:\/\/api.w.org\/{rel}","templated":true}]}}