{"id":12773,"date":"2025-03-07T14:39:37","date_gmt":"2025-03-07T17:39:37","guid":{"rendered":"https:\/\/laserenaradio.cl\/web\/?p=12773"},"modified":"2025-03-07T14:39:37","modified_gmt":"2025-03-07T17:39:37","slug":"el-presidente-argentino-javier-milei-cancela-su-visita-privada-a-chile","status":"publish","type":"post","link":"https:\/\/laserenaradio.cl\/web\/2025\/03\/07\/el-presidente-argentino-javier-milei-cancela-su-visita-privada-a-chile\/","title":{"rendered":"El presidente argentino Javier Milei cancela su visita privada a Chile"},"content":{"rendered":"<p><b>El presidente argentino Javier Milei, conocido por sus posturas econ\u00f3micas liberales, cancel\u00f3 su visita a Chile, donde ten\u00eda planeado participar en un seminario organizado por Vinci Compass el pr\u00f3ximo 11 de marzo<\/b><!--more-->.<\/p>\n<p>Esta gira internacional, que inclu\u00eda Espa\u00f1a e Israel, tambi\u00e9n contemplaba una estancia en la comuna chilena de Las Condes.<\/p>\n<p>El sobrevuelo y aterrizaje del avi\u00f3n presidencial argentino fueron previamente autorizados por la <a href=\"https:\/\/www.dgac.gob.cl\/\">Direcci\u00f3n General de Aeron\u00e1utica Civil<\/a> (<a href=\"https:\/\/www.dgac.gob.cl\/\">DGAC<\/a>).<\/p>\n<p>No obstante, seg\u00fan inform\u00f3 la embajada argentina al diario El Mercurio, finalmente el presidente Milei no realizar\u00e1 esta visita a Chile, sin dar detalles sobre su decisi\u00f3n.<\/p>\n<p>La posible ausencia del mandatario argentino en este evento resalta la tensa relaci\u00f3n entre ambos pa\u00edses y las interrupciones en encuentros oficiales.<\/p>\n<p>Esta no es la primera vez que el presidente argentino desiste de un encuentro oficial con su par chileno, Gabriel Boric.<\/p>\n<p>En agosto pasado, Milei tambi\u00e9n viaj\u00f3 a Santiago para una breve visita privada, pero se limit\u00f3 a unas horas y no mantuvo un encuentro formal con Boric.<\/p>\n<p>A pesar de las diferencias p\u00fablicas entre ambos l\u00edderes, desde que asumieron sus respectivas jefaturas de Estado han mantenido una relaci\u00f3n de respeto mutuo.<\/p>\n<p>Boric incluso viaj\u00f3 a Buenos Aires para la asunci\u00f3n presidencial de Milei y se reuni\u00f3 con \u00e9l en Suiza durante la cumbre por Ucrania.<\/p>\n<p>Esta cancelaci\u00f3n podr\u00eda ser un indicio de las fluctuaciones en las relaciones bilaterales y las din\u00e1micas pol\u00edticas regionales.<\/p>\n","protected":false},"excerpt":{"rendered":"<p>El presidente argentino Javier Milei, conocido por sus posturas econ\u00f3micas liberales, cancel\u00f3 su visita a Chile, donde ten\u00eda planeado participar en un seminario organizado por Vinci Compass el pr\u00f3ximo 11 de marzo<\/p>\n","protected":false},"author":2,"featured_media":12772,"comment_status":"closed","ping_status":"open","sticky":false,"template":"","format":"standard","meta":{"_jetpack_memberships_contains_paid_content":false,"jnews-multi-image_gallery":[],"jnews_single_post":[],"jnews_primary_category":[],"jnews_social_meta":[],"jnews_paywall_metabox":[],"jnews_review":[],"enable_review":"","type":"","name":"","summary":"","brand":"","sku":"","good":[],"bad":[],"score_override":"","override_value":"","rating":[],"price":[],"jnews_override_counter":[],"jnews_post_split":[],"footnotes":""},"categories":[83],"tags":[],"class_list":["post-12773","post","type-post","status-publish","format-standard","has-post-thumbnail","hentry","category-politica"],"jetpack_featured_media_url":"https:\/\/laserenaradio.cl\/web\/wp-content\/uploads\/2025\/03\/homepiaiextractoscrapimg_webpJavierMilei_0.webp","jetpack_sharing_enabled":true,"_links":{"self":[{"href":"https:\/\/laserenaradio.cl\/web\/wp-json\/wp\/v2\/posts\/12773","targetHints":{"allow":["GET"]}}],"collection":[{"href":"https:\/\/laserenaradio.cl\/web\/wp-json\/wp\/v2\/posts"}],"about":[{"href":"https:\/\/laserenaradio.cl\/web\/wp-json\/wp\/v2\/types\/post"}],"author":[{"embeddable":true,"href":"https:\/\/laserenaradio.cl\/web\/wp-json\/wp\/v2\/users\/2"}],"replies":[{"embeddable":true,"href":"https:\/\/laserenaradio.cl\/web\/wp-json\/wp\/v2\/comments?post=12773"}],"version-history":[{"count":1,"href":"https:\/\/laserenaradio.cl\/web\/wp-json\/wp\/v2\/posts\/12773\/revisions"}],"predecessor-version":[{"id":12774,"href":"https:\/\/laserenaradio.cl\/web\/wp-json\/wp\/v2\/posts\/12773\/revisions\/12774"}],"wp:featuredmedia":[{"embeddable":true,"href":"https:\/\/laserenaradio.cl\/web\/wp-json\/wp\/v2\/media\/12772"}],"wp:attachment":[{"href":"https:\/\/laserenaradio.cl\/web\/wp-json\/wp\/v2\/media?parent=12773"}],"wp:term":[{"taxonomy":"category","embeddable":true,"href":"https:\/\/laserenaradio.cl\/web\/wp-json\/wp\/v2\/categories?post=12773"},{"taxonomy":"post_tag","embeddable":true,"href":"https:\/\/laserenaradio.cl\/web\/wp-json\/wp\/v2\/tags?post=12773"}],"curies":[{"name":"wp","href":"https:\/\/api.w.org\/{rel}","templated":true}]}}