{"id":12767,"date":"2025-03-07T14:22:11","date_gmt":"2025-03-07T17:22:11","guid":{"rendered":"https:\/\/laserenaradio.cl\/web\/?p=12767"},"modified":"2025-03-07T14:22:11","modified_gmt":"2025-03-07T17:22:11","slug":"evelyn-matthei-muestra-sus-ejes-y-su-estrategia-electoral","status":"publish","type":"post","link":"https:\/\/laserenaradio.cl\/web\/2025\/03\/07\/evelyn-matthei-muestra-sus-ejes-y-su-estrategia-electoral\/","title":{"rendered":"Evelyn Matthei muestra sus ejes y su estrategia electoral"},"content":{"rendered":"<p><b>La noche de este jueves, la candidata presidencial de Chile Vamos, Evelyn Matthei, present\u00f3 los grupos de trabajo y ejes program\u00e1ticos de su campa\u00f1a en el Teatro Oriente<\/b><!--more-->.<\/p>\n<p>En una masiva actividad, Matthei destac\u00f3 que &#8220;Gabriel Boric prometi\u00f3 mil cosas que no pudo hacer&#8221; y enfatiz\u00f3 que su gobierno comenzar\u00e1 con acciones concretas para entregar m\u00e1s seguridad y oportunidades.<\/p>\n<p>El Teatro Oriente estuvo a capacidad completa, congregando simpatizantes y militantes de Chile Vamos.<\/p>\n<p>Gran parte de los ministros y subsecretarios que acompa\u00f1aron la gesti\u00f3n del exPresidente Sebasti\u00e1n Pi\u00f1era tambi\u00e9n asistieron al evento. Entre ellos figuran Ignacio Briones (Hacienda), Paula Daza (Salud) y Ra\u00fal Figueroa (Educaci\u00f3n).<\/p>\n<p>Durante el acto, Matthei critic\u00f3 la gesti\u00f3n del actual gobierno, generando pifias y abucheos entre los asistentes. Sin embargo, tambi\u00e9n alab\u00f3 la labor de Pi\u00f1era en situaciones como el terremoto y el rescate de mineros, lo que gener\u00f3 un prolongado aplauso.<\/p>\n<p>La candidata sostuvo: &#8220;Tengamos claro que gobernar es m\u00e1s complejo que lanzar frases para el bronce. Yo soy acad\u00e9mica, no pol\u00edtica&#8221;, al subir al escenario con Cecilia Cifuentes, quien abord\u00f3 la necesidad de volver a crecer y reducir la permisolog\u00eda en materia econ\u00f3mica.<\/p>\n<p>Una vez concluida su exposici\u00f3n, Matthei se tom\u00f3 diversas fotos con los asistentes y selfies con dirigentes de RN, la UDI y parlamentarios.<\/p>\n<p>Su salida fue por detr\u00e1s del escenario debido a la alta concurrencia que quer\u00eda seguir sac\u00e1ndose fotos.<\/p>\n<p>Otros propusieron mandar a hacer una chapita con la zapatilla de lona que dice &#8220;Evelyn&#8221; que utiliza la candidata, portada tambi\u00e9n en las credenciales por parte de los integrantes del comando program\u00e1tico.<\/p>\n","protected":false},"excerpt":{"rendered":"<p>La noche de este jueves, la candidata presidencial de Chile Vamos, Evelyn Matthei, present\u00f3 los grupos de trabajo y ejes program\u00e1ticos de su campa\u00f1a en el Teatro Oriente<\/p>\n","protected":false},"author":2,"featured_media":12766,"comment_status":"closed","ping_status":"open","sticky":false,"template":"","format":"standard","meta":{"_jetpack_memberships_contains_paid_content":false,"jnews-multi-image_gallery":[],"jnews_single_post":[],"jnews_primary_category":[],"jnews_social_meta":[],"jnews_paywall_metabox":[],"jnews_review":[],"enable_review":"","type":"","name":"","summary":"","brand":"","sku":"","good":[],"bad":[],"score_override":"","override_value":"","rating":[],"price":[],"jnews_override_counter":[],"jnews_post_split":[],"footnotes":""},"categories":[83],"tags":[],"class_list":["post-12767","post","type-post","status-publish","format-standard","has-post-thumbnail","hentry","category-politica"],"jetpack_featured_media_url":"https:\/\/laserenaradio.cl\/web\/wp-content\/uploads\/2025\/03\/homepiaiextractoscrapimg_webpcandidataMattheiChileVamosEvelynMatthei_1.webp","jetpack_sharing_enabled":true,"_links":{"self":[{"href":"https:\/\/laserenaradio.cl\/web\/wp-json\/wp\/v2\/posts\/12767","targetHints":{"allow":["GET"]}}],"collection":[{"href":"https:\/\/laserenaradio.cl\/web\/wp-json\/wp\/v2\/posts"}],"about":[{"href":"https:\/\/laserenaradio.cl\/web\/wp-json\/wp\/v2\/types\/post"}],"author":[{"embeddable":true,"href":"https:\/\/laserenaradio.cl\/web\/wp-json\/wp\/v2\/users\/2"}],"replies":[{"embeddable":true,"href":"https:\/\/laserenaradio.cl\/web\/wp-json\/wp\/v2\/comments?post=12767"}],"version-history":[{"count":1,"href":"https:\/\/laserenaradio.cl\/web\/wp-json\/wp\/v2\/posts\/12767\/revisions"}],"predecessor-version":[{"id":12768,"href":"https:\/\/laserenaradio.cl\/web\/wp-json\/wp\/v2\/posts\/12767\/revisions\/12768"}],"wp:featuredmedia":[{"embeddable":true,"href":"https:\/\/laserenaradio.cl\/web\/wp-json\/wp\/v2\/media\/12766"}],"wp:attachment":[{"href":"https:\/\/laserenaradio.cl\/web\/wp-json\/wp\/v2\/media?parent=12767"}],"wp:term":[{"taxonomy":"category","embeddable":true,"href":"https:\/\/laserenaradio.cl\/web\/wp-json\/wp\/v2\/categories?post=12767"},{"taxonomy":"post_tag","embeddable":true,"href":"https:\/\/laserenaradio.cl\/web\/wp-json\/wp\/v2\/tags?post=12767"}],"curies":[{"name":"wp","href":"https:\/\/api.w.org\/{rel}","templated":true}]}}