{"id":12764,"date":"2025-03-07T12:51:52","date_gmt":"2025-03-07T15:51:52","guid":{"rendered":"https:\/\/laserenaradio.cl\/web\/?p=12764"},"modified":"2025-03-07T12:51:52","modified_gmt":"2025-03-07T15:51:52","slug":"orellana-enfatiza-la-importancia-de-abrir-el-debate-sobre-el-proyecto-de-aborto-libre","status":"publish","type":"post","link":"https:\/\/laserenaradio.cl\/web\/2025\/03\/07\/orellana-enfatiza-la-importancia-de-abrir-el-debate-sobre-el-proyecto-de-aborto-libre\/","title":{"rendered":"Orellana enfatiza la importancia de abrir el debate sobre el proyecto de aborto libre"},"content":{"rendered":"<p><b>La ministra de la Mujer y Equidad de G\u00e9nero, Antonia Orellana, enfatiz\u00f3 la urgencia de &#8220;abrir el debate&#8221; sobre el proyecto de aborto libre<\/b><!--more-->.<\/p>\n<p>En entrevista con Radio Cooperativa, se\u00f1al\u00f3 que, a pesar de las cr\u00edticas y los intentos de evitar el tema, es fundamental presentar este proyecto para romper los vetos hist\u00f3ricos. Orellana record\u00f3 la valent\u00eda mostrada por la presidenta Bachelet y ministros anteriores en abrir el debate sobre las tres causales. Sin embargo, expres\u00f3 que &#8220;siempre hubo una cerraz\u00f3n absoluta&#8221; respecto a este punto.<\/p>\n<p>Para el Ejecutivo, el debate es crucial. Abriendo la conversaci\u00f3n en democracia sobre un tema que ha estado clausurado mediante un decreto con fuerza de ley del 89&#8242;, durante la dictadura, se demuestra un signo importante hacia la equidad y los derechos humanos.<\/p>\n<p>En cuanto a las fechas de presentaci\u00f3n del proyecto de aborto libre, la ministra indic\u00f3 que primero es necesario lograr &#8220;una buena implementaci\u00f3n de las tres causales&#8221;. Hay cambios en el reglamento que deben debatirse y acordarse. Asegurar este cumplimiento es una prioridad.<\/p>\n<p>Orellana expres\u00f3 preocupaci\u00f3n sobre proyectos presentados en el Congreso para derogar o limitar estas causales sin un debate previo. Se\u00f1al\u00f3 la responsabilidad del gobierno de mantener las conquistas logradas hasta ahora y asegurarse de que los derechos se cumplan correctamente.<\/p>\n<p>&#8220;Tenemos pendiente el debate de derechos sexuales y reproductivos&#8221;, concluy\u00f3 Orellana, resaltando la espera por la aprobaci\u00f3n del nuevo reglamento y su posterior implementaci\u00f3n antes de presentar el proyecto legalizador.<\/p>\n","protected":false},"excerpt":{"rendered":"<p>La ministra de la Mujer y Equidad de G\u00e9nero, Antonia Orellana, enfatiz\u00f3 la urgencia de &#8220;abrir el debate&#8221; sobre el proyecto de aborto libre<\/p>\n","protected":false},"author":2,"featured_media":12763,"comment_status":"closed","ping_status":"open","sticky":false,"template":"","format":"standard","meta":{"_jetpack_memberships_contains_paid_content":false,"jnews-multi-image_gallery":[],"jnews_single_post":[],"jnews_primary_category":[],"jnews_social_meta":[],"jnews_paywall_metabox":[],"jnews_review":[],"enable_review":"","type":"","name":"","summary":"","brand":"","sku":"","good":[],"bad":[],"score_override":"","override_value":"","rating":[],"price":[],"jnews_override_counter":[],"jnews_post_split":[],"footnotes":""},"categories":[83],"tags":[],"class_list":["post-12764","post","type-post","status-publish","format-standard","has-post-thumbnail","hentry","category-politica"],"jetpack_featured_media_url":"https:\/\/laserenaradio.cl\/web\/wp-content\/uploads\/2025\/03\/homepiaiextractoscrapimg_webpOrellanadebate_0.webp","jetpack_sharing_enabled":true,"_links":{"self":[{"href":"https:\/\/laserenaradio.cl\/web\/wp-json\/wp\/v2\/posts\/12764","targetHints":{"allow":["GET"]}}],"collection":[{"href":"https:\/\/laserenaradio.cl\/web\/wp-json\/wp\/v2\/posts"}],"about":[{"href":"https:\/\/laserenaradio.cl\/web\/wp-json\/wp\/v2\/types\/post"}],"author":[{"embeddable":true,"href":"https:\/\/laserenaradio.cl\/web\/wp-json\/wp\/v2\/users\/2"}],"replies":[{"embeddable":true,"href":"https:\/\/laserenaradio.cl\/web\/wp-json\/wp\/v2\/comments?post=12764"}],"version-history":[{"count":1,"href":"https:\/\/laserenaradio.cl\/web\/wp-json\/wp\/v2\/posts\/12764\/revisions"}],"predecessor-version":[{"id":12765,"href":"https:\/\/laserenaradio.cl\/web\/wp-json\/wp\/v2\/posts\/12764\/revisions\/12765"}],"wp:featuredmedia":[{"embeddable":true,"href":"https:\/\/laserenaradio.cl\/web\/wp-json\/wp\/v2\/media\/12763"}],"wp:attachment":[{"href":"https:\/\/laserenaradio.cl\/web\/wp-json\/wp\/v2\/media?parent=12764"}],"wp:term":[{"taxonomy":"category","embeddable":true,"href":"https:\/\/laserenaradio.cl\/web\/wp-json\/wp\/v2\/categories?post=12764"},{"taxonomy":"post_tag","embeddable":true,"href":"https:\/\/laserenaradio.cl\/web\/wp-json\/wp\/v2\/tags?post=12764"}],"curies":[{"name":"wp","href":"https:\/\/api.w.org\/{rel}","templated":true}]}}