{"id":12750,"date":"2025-03-07T08:29:46","date_gmt":"2025-03-07T11:29:46","guid":{"rendered":"https:\/\/laserenaradio.cl\/web\/?p=12750"},"modified":"2025-03-07T08:29:46","modified_gmt":"2025-03-07T11:29:46","slug":"la-oposicion-argentina-pide-un-encuentro-a-milei-con-boric-en-su-proxima-visita-privada-a-chile","status":"publish","type":"post","link":"https:\/\/laserenaradio.cl\/web\/2025\/03\/07\/la-oposicion-argentina-pide-un-encuentro-a-milei-con-boric-en-su-proxima-visita-privada-a-chile\/","title":{"rendered":"La oposici\u00f3n argentina pide un encuentro a Milei con Boric en su pr\u00f3xima visita privada a Chile"},"content":{"rendered":"<p><b>El presidente argentino Javier Milei ha sido instado por la oposici\u00f3n a reunirse con su hom\u00f3logo chileno Gabriel Boric durante su visita privada programada al pa\u00eds el pr\u00f3ximo 11 de marzo<\/b><!--more-->.<\/p>\n<p>Esta petici\u00f3n surge en medio de un seminario privado organizado por Vinci Compass, en el que participar\u00e1 Milei junto a l\u00edderes latinoamericanos y europeos. Desde los partidos del Gobierno, sin embargo, se considera innecesario tal encuentro, argumentando que &#8220;no deben tenderle la mano&#8221; al presidente argentino.<\/p>\n<p>El pasado agosto, Milei ya realiz\u00f3 una visita privada a Chile sin poder reunirse con Boric en La Moneda, lo que gener\u00f3 cr\u00edticas por supuestas razones de &#8220;agenda&#8221;.<\/p>\n<p>El trasandino viajar\u00e1 a tres pa\u00edses: Espa\u00f1a e Israel, adem\u00e1s de Chile, como parte de su gira internacional.<\/p>\n<p>En caso de que no se realice el encuentro entre ambos mandatarios, el senador Iv\u00e1n Moreira de la UDI ve esto como una &#8220;descortes\u00eda diplom\u00e1tica&#8221; y considera que Milei deber\u00eda haber agendado esta reuni\u00f3n. En contraste, el oficialismo sostiene que un encuentro bilateral no es necesario para Boric, quien visitar\u00e1 Chile solo por asistir a un seminario privado. Los diputados Vlado Mirosevic de la C\u00e1mara y Ra\u00fal Soto de La Moneda respaldan esta postura.<\/p>\n<p>Se recuerda que, en noviembre pasado, durante el aniversario del Tratado de Paz y Amistad entre Chile y Argentina, La Moneda tambi\u00e9n cit\u00f3 razones de &#8220;agenda&#8221; para justificar la ausencia de un encuentro entre los dos presidentes, lo cual gener\u00f3 nuevas cr\u00edticas.<\/p>\n","protected":false},"excerpt":{"rendered":"<p>El presidente argentino Javier Milei ha sido instado por la oposici\u00f3n a reunirse con su hom\u00f3logo chileno Gabriel Boric durante su visita privada programada al pa\u00eds el pr\u00f3ximo 11 de marzo<\/p>\n","protected":false},"author":2,"featured_media":12749,"comment_status":"closed","ping_status":"open","sticky":false,"template":"","format":"standard","meta":{"_jetpack_memberships_contains_paid_content":false,"jnews-multi-image_gallery":[],"jnews_single_post":[],"jnews_primary_category":[],"jnews_social_meta":[],"jnews_paywall_metabox":[],"jnews_review":[],"enable_review":"","type":"","name":"","summary":"","brand":"","sku":"","good":[],"bad":[],"score_override":"","override_value":"","rating":[],"price":[],"jnews_override_counter":[],"jnews_post_split":[],"footnotes":""},"categories":[83],"tags":[],"class_list":["post-12750","post","type-post","status-publish","format-standard","has-post-thumbnail","hentry","category-politica"],"jetpack_featured_media_url":"https:\/\/laserenaradio.cl\/web\/wp-content\/uploads\/2025\/03\/homepiaiextractoscrapimg_webpMileiBoric_0.webp","jetpack_sharing_enabled":true,"_links":{"self":[{"href":"https:\/\/laserenaradio.cl\/web\/wp-json\/wp\/v2\/posts\/12750","targetHints":{"allow":["GET"]}}],"collection":[{"href":"https:\/\/laserenaradio.cl\/web\/wp-json\/wp\/v2\/posts"}],"about":[{"href":"https:\/\/laserenaradio.cl\/web\/wp-json\/wp\/v2\/types\/post"}],"author":[{"embeddable":true,"href":"https:\/\/laserenaradio.cl\/web\/wp-json\/wp\/v2\/users\/2"}],"replies":[{"embeddable":true,"href":"https:\/\/laserenaradio.cl\/web\/wp-json\/wp\/v2\/comments?post=12750"}],"version-history":[{"count":1,"href":"https:\/\/laserenaradio.cl\/web\/wp-json\/wp\/v2\/posts\/12750\/revisions"}],"predecessor-version":[{"id":12751,"href":"https:\/\/laserenaradio.cl\/web\/wp-json\/wp\/v2\/posts\/12750\/revisions\/12751"}],"wp:featuredmedia":[{"embeddable":true,"href":"https:\/\/laserenaradio.cl\/web\/wp-json\/wp\/v2\/media\/12749"}],"wp:attachment":[{"href":"https:\/\/laserenaradio.cl\/web\/wp-json\/wp\/v2\/media?parent=12750"}],"wp:term":[{"taxonomy":"category","embeddable":true,"href":"https:\/\/laserenaradio.cl\/web\/wp-json\/wp\/v2\/categories?post=12750"},{"taxonomy":"post_tag","embeddable":true,"href":"https:\/\/laserenaradio.cl\/web\/wp-json\/wp\/v2\/tags?post=12750"}],"curies":[{"name":"wp","href":"https:\/\/api.w.org\/{rel}","templated":true}]}}