{"id":12729,"date":"2025-03-06T21:35:28","date_gmt":"2025-03-07T00:35:28","guid":{"rendered":"https:\/\/laserenaradio.cl\/web\/?p=12729"},"modified":"2025-03-06T21:35:28","modified_gmt":"2025-03-07T00:35:28","slug":"camila-flores-cuestiona-al-ministro-marcel-por-falta-de-avances-en-reconstruccion-tras-el-megaincendio-en-valparaiso","status":"publish","type":"post","link":"https:\/\/laserenaradio.cl\/web\/2025\/03\/06\/camila-flores-cuestiona-al-ministro-marcel-por-falta-de-avances-en-reconstruccion-tras-el-megaincendio-en-valparaiso\/","title":{"rendered":"Camila Flores cuestiona al ministro Marcel por falta de avances en reconstrucci\u00f3n tras el megaincendio en Valpara\u00edso"},"content":{"rendered":"<p><b>La diputada Camila Flores de Renovaci\u00f3n Nacional cuestion\u00f3 al ministro de Hacienda Mario Marcel y a la directora de Presupuestos Javiera Mart\u00ednez sobre los retrasos en la reconstrucci\u00f3n tras el megaincendio en Valpara\u00edso en febrero de 2024<\/b><!--more-->.<\/p>\n<p>Flores expres\u00f3 su preocupaci\u00f3n por el retiro del reglamento del fondo de emergencia para la reconstrucci\u00f3n desde la Contralor\u00eda, alegando que \u201cno es imprescindible para aplicar recursos\u201d, seg\u00fan Marcel.<\/p>\n<p>El ministro asegur\u00f3 que \u201cla ley habilit\u00f3 directamente los procedimientos para hacer y comprometer los recursos del Fondo Especial de Reconstrucci\u00f3n (FET) en gastos\u201d. Sin embargo, Flores insisti\u00f3: \u201cEntonces, \u00bfpor qu\u00e9 no se ha reconstruido?\u201d, exigiendo explicaciones sobre el uso de los fondos.<\/p>\n<p>Adem\u00e1s, solicit\u00f3 informaci\u00f3n concreta sobre la recaudaci\u00f3n del impuesto aprobado para la emergencia, preguntando: &#8220;No s\u00e9 cu\u00e1ntos recursos finalmente se termin\u00f3 de recaudar mediante este impuesto, ministro. Y en definitiva, saber en qu\u00e9 se ha gastado ese dinero, cu\u00e1nto es y en qu\u00e9 se ha gastado o qu\u00e9 se pretende gastar&#8221;.<\/p>\n<p>En respuesta, Marcel afirm\u00f3 que \u201chubo decretos de modificaci\u00f3n presupuestaria que crearon las asignaciones en las instituciones correspondientes, especialmente en el Ministerio de Vivienda\u201d. Puntualiz\u00f3: &#8220;Esas asignaciones se crearon presupuestariamente ya el a\u00f1o pasado&#8221;.<\/p>\n<p>Mart\u00ednez a\u00f1adi\u00f3 que \u201cla informaci\u00f3n sobre las modificaciones presupuestarias est\u00e1 contenida en el oficio enviado a la Comisi\u00f3n de Hacienda, y cuando termine este trimestre del a\u00f1o 2025, tendremos esa informaci\u00f3n\u201d.<\/p>\n<p>Estas declaraciones generan preocupaci\u00f3n entre los legisladores sobre la gesti\u00f3n de recursos destinados a la reconstrucci\u00f3n post incendio.<\/p>\n","protected":false},"excerpt":{"rendered":"<p>La diputada Camila Flores de Renovaci\u00f3n Nacional cuestion\u00f3 al ministro de Hacienda Mario Marcel y a la directora de Presupuestos Javiera Mart\u00ednez sobre los retrasos en la reconstrucci\u00f3n tras el megaincendio en Valpara\u00edso en febrero de 2024<\/p>\n","protected":false},"author":2,"featured_media":12728,"comment_status":"closed","ping_status":"open","sticky":false,"template":"","format":"standard","meta":{"_jetpack_memberships_contains_paid_content":false,"jnews-multi-image_gallery":[],"jnews_single_post":[],"jnews_primary_category":[],"jnews_social_meta":[],"jnews_paywall_metabox":[],"jnews_review":[],"enable_review":"","type":"","name":"","summary":"","brand":"","sku":"","good":[],"bad":[],"score_override":"","override_value":"","rating":[],"price":[],"jnews_override_counter":[],"jnews_post_split":[],"footnotes":""},"categories":[83],"tags":[],"class_list":["post-12729","post","type-post","status-publish","format-standard","has-post-thumbnail","hentry","category-politica"],"jetpack_featured_media_url":"https:\/\/laserenaradio.cl\/web\/wp-content\/uploads\/2025\/03\/homepiaiextractoscrapimg_webpsobreministrorecursosMarcel_1.webp","jetpack_sharing_enabled":true,"_links":{"self":[{"href":"https:\/\/laserenaradio.cl\/web\/wp-json\/wp\/v2\/posts\/12729","targetHints":{"allow":["GET"]}}],"collection":[{"href":"https:\/\/laserenaradio.cl\/web\/wp-json\/wp\/v2\/posts"}],"about":[{"href":"https:\/\/laserenaradio.cl\/web\/wp-json\/wp\/v2\/types\/post"}],"author":[{"embeddable":true,"href":"https:\/\/laserenaradio.cl\/web\/wp-json\/wp\/v2\/users\/2"}],"replies":[{"embeddable":true,"href":"https:\/\/laserenaradio.cl\/web\/wp-json\/wp\/v2\/comments?post=12729"}],"version-history":[{"count":1,"href":"https:\/\/laserenaradio.cl\/web\/wp-json\/wp\/v2\/posts\/12729\/revisions"}],"predecessor-version":[{"id":12730,"href":"https:\/\/laserenaradio.cl\/web\/wp-json\/wp\/v2\/posts\/12729\/revisions\/12730"}],"wp:featuredmedia":[{"embeddable":true,"href":"https:\/\/laserenaradio.cl\/web\/wp-json\/wp\/v2\/media\/12728"}],"wp:attachment":[{"href":"https:\/\/laserenaradio.cl\/web\/wp-json\/wp\/v2\/media?parent=12729"}],"wp:term":[{"taxonomy":"category","embeddable":true,"href":"https:\/\/laserenaradio.cl\/web\/wp-json\/wp\/v2\/categories?post=12729"},{"taxonomy":"post_tag","embeddable":true,"href":"https:\/\/laserenaradio.cl\/web\/wp-json\/wp\/v2\/tags?post=12729"}],"curies":[{"name":"wp","href":"https:\/\/api.w.org\/{rel}","templated":true}]}}