{"id":12717,"date":"2025-03-06T21:21:18","date_gmt":"2025-03-07T00:21:18","guid":{"rendered":"https:\/\/laserenaradio.cl\/web\/?p=12717"},"modified":"2025-03-06T21:21:18","modified_gmt":"2025-03-07T00:21:18","slug":"reclamos-y-criticas-en-torno-al-rol-de-toha-en-el-caso-monsalve","status":"publish","type":"post","link":"https:\/\/laserenaradio.cl\/web\/2025\/03\/06\/reclamos-y-criticas-en-torno-al-rol-de-toha-en-el-caso-monsalve\/","title":{"rendered":"Reclamos y cr\u00edticas en torno al rol de Toh\u00e1 en el caso Monsalve"},"content":{"rendered":"<p><b>La exministra del Interior Carolina Toh\u00e1 enfrenta cr\u00edticas despu\u00e9s que Contralor\u00eda afirmara que debi\u00f3 estar al tanto de los gastos reservados del exsubsecretario Manuel Monsalve.<\/b><!--more--><\/p>\n<p>Distintos parlamentarios han solicitado explicaciones sobre esta situaci\u00f3n, especialmente desde el partido Republicanos.<\/p>\n<p>La diputada Chiara Barchiesi cuestion\u00f3: &#8216;No solo deb\u00eda conocer, sino que tambi\u00e9n controlar los gastos reservados. Que en los a\u00f1os donde Manuel Monsalve fue subsecretario, fueron m\u00e1s de 800 millones de pesos. Entonces, si es que Carolina Toh\u00e1 no los conoc\u00eda, era negligencia&#8217;.<\/p>\n<p>Barchiesi a\u00f1adi\u00f3: &#8216;Hay que ser claros. Carolina Toh\u00e1 sale del <a href=\"https:\/\/www.interior.gob.cl\/\">Ministerio del Interior<\/a> con una p\u00e9sima gesti\u00f3n, con un fracaso en el combate a la delincuencia. Y si ella no fue capaz de ayudar a transparentar toda esta informaci\u00f3n del caso Monsalve, hoy d\u00eda va a tener que hacerlo como candidata presidencial&#8217;.<\/p>\n<p>El jefe de la bancada republicana, Luis Fernando S\u00e1nchez, afirm\u00f3: &#8216;Tiene que dar explicaciones de los procesos que tuvo ante la justicia, ante la Contralor\u00eda, por su gesti\u00f3n como alcaldesa de Santiago. Tiene que dar explicaciones ante todos los chilenos por el desastre en materia de seguridad, producto de su incapacidad de gestionar una pol\u00edtica eficaz de seguridad desde el <a href=\"https:\/\/www.interior.gob.cl\/\">Ministerio del Interior<\/a>&#8216;.<\/p>\n<p>S\u00e1nchez concluy\u00f3: &#8216;Yo creo que Carolina Toh\u00e1 tiene que dar explicaciones por muchas cosas y yo creo que su candidatura presidencial va a terminar cay\u00e9ndose por tierra, sola, muy r\u00e1pidamente, precisamente por todas esas explicaciones que ya no va a ser capaz de dar&#8217;.<\/p>\n","protected":false},"excerpt":{"rendered":"<p>La exministra del Interior Carolina Toh\u00e1 enfrenta cr\u00edticas despu\u00e9s que Contralor\u00eda afirmara que debi\u00f3 estar al tanto de los gastos reservados del exsubsecretario Manuel Monsalve.<\/p>\n","protected":false},"author":2,"featured_media":12716,"comment_status":"closed","ping_status":"open","sticky":false,"template":"","format":"standard","meta":{"_jetpack_memberships_contains_paid_content":false,"jnews-multi-image_gallery":[],"jnews_single_post":[],"jnews_primary_category":[],"jnews_social_meta":[],"jnews_paywall_metabox":[],"jnews_review":[],"enable_review":"","type":"","name":"","summary":"","brand":"","sku":"","good":[],"bad":[],"score_override":"","override_value":"","rating":[],"price":[],"jnews_override_counter":[],"jnews_post_split":[],"footnotes":""},"categories":[83],"tags":[],"class_list":["post-12717","post","type-post","status-publish","format-standard","has-post-thumbnail","hentry","category-politica"],"jetpack_featured_media_url":"https:\/\/laserenaradio.cl\/web\/wp-content\/uploads\/2025\/03\/homepiaiextractoscrapimg_webpReclamosToha_1.webp","jetpack_sharing_enabled":true,"_links":{"self":[{"href":"https:\/\/laserenaradio.cl\/web\/wp-json\/wp\/v2\/posts\/12717","targetHints":{"allow":["GET"]}}],"collection":[{"href":"https:\/\/laserenaradio.cl\/web\/wp-json\/wp\/v2\/posts"}],"about":[{"href":"https:\/\/laserenaradio.cl\/web\/wp-json\/wp\/v2\/types\/post"}],"author":[{"embeddable":true,"href":"https:\/\/laserenaradio.cl\/web\/wp-json\/wp\/v2\/users\/2"}],"replies":[{"embeddable":true,"href":"https:\/\/laserenaradio.cl\/web\/wp-json\/wp\/v2\/comments?post=12717"}],"version-history":[{"count":1,"href":"https:\/\/laserenaradio.cl\/web\/wp-json\/wp\/v2\/posts\/12717\/revisions"}],"predecessor-version":[{"id":12718,"href":"https:\/\/laserenaradio.cl\/web\/wp-json\/wp\/v2\/posts\/12717\/revisions\/12718"}],"wp:featuredmedia":[{"embeddable":true,"href":"https:\/\/laserenaradio.cl\/web\/wp-json\/wp\/v2\/media\/12716"}],"wp:attachment":[{"href":"https:\/\/laserenaradio.cl\/web\/wp-json\/wp\/v2\/media?parent=12717"}],"wp:term":[{"taxonomy":"category","embeddable":true,"href":"https:\/\/laserenaradio.cl\/web\/wp-json\/wp\/v2\/categories?post=12717"},{"taxonomy":"post_tag","embeddable":true,"href":"https:\/\/laserenaradio.cl\/web\/wp-json\/wp\/v2\/tags?post=12717"}],"curies":[{"name":"wp","href":"https:\/\/api.w.org\/{rel}","templated":true}]}}